{"id":1728,"date":"2022-09-28T14:01:12","date_gmt":"2022-09-28T17:01:12","guid":{"rendered":"http:\/\/carbocampers.com.br\/?p=1728"},"modified":"2022-10-03T17:04:54","modified_gmt":"2022-10-03T20:04:54","slug":"viagem-de-carro","status":"publish","type":"post","link":"https:\/\/carbocampers.com.br\/es\/blog\/viagem-de-carro\/","title":{"rendered":"Viagem de Carro: Fot\u00f3grafo conhece o Jalap\u00e3o a bordo do Trailer TX2"},"content":{"rendered":"<span class=\"span-reading-time rt-reading-time\" style=\"display: block;\"><span class=\"rt-label rt-prefix\"><b>Tempo de Leitura:<\/b><\/span> <span class=\"rt-time\"> 3<\/span> <span class=\"rt-label rt-postfix\">minutos. <br><\/span><\/span><p><span style=\"font-weight: 400;\">O fot\u00f3grafo e apaixonado por aventuras, Adailton Monteiro, coleciona milhares de experi\u00eancias na estrada. Assim, foi um dos primeiros clientes a fazer uma <\/span><b>viagem de carro<\/b><span style=\"font-weight: 400;\"> com o TX2 da Carbo Campers.<\/span><\/p>\n<p><span style=\"font-weight: 400;\">Impressionado com a qualidade do equipamento e a facilidade que ele proporciona na estrada, Adailton e Michele, sua esposa, resolveram compartilhar conosco os detalhes da viagem incr\u00edvel que fizeram.<\/span><\/p>\n<p><span style=\"font-weight: 400;\">O destino? O maravilhoso estado do Tocantins, com as paisagens paradis\u00edacas do Jalap\u00e3o.<\/span><\/p>\n<p><span style=\"font-weight: 400;\">Agora, confira todos os detalhes dessa aventura!<\/span><\/p>\n<p><span style=\"font-weight: 400;\"><a class=\"fasc-button fasc-size-large fasc-type-flat fasc-style-bold\" style=\"background-color: #d51f26; color: #ffffff;\" href=\"https:\/\/carbocampers.com.br\/es\/tx2-off-road\/folheto-tx2\/\">BAIXE O FOLHETO<\/a><\/span><\/p>\n<h2><span style=\"font-weight: 400;\">Destino Jalap\u00e3o: Viagem de Carro 4&#215;4 Equipado com o Trailer TX2<\/span><\/h2>\n<p><i><span style=\"font-weight: 400;\">Por: Adailton Monteiro<\/span><\/i><\/p>\n<p><img fetchpriority=\"high\" decoding=\"async\" class=\"alignnone wp-image-1732\" src=\"http:\/\/carbocampers.com.br\/wp-content\/uploads\/2022\/09\/Tx2-e1664384409272-300x242.jpg\" alt=\"viagem de carro para o jalap\u00e3o - carbo campers\" width=\"1395\" height=\"1125\" srcset=\"https:\/\/carbocampers.com.br\/wp-content\/uploads\/2022\/09\/Tx2-e1664384409272-300x242.jpg 300w, https:\/\/carbocampers.com.br\/wp-content\/uploads\/2022\/09\/Tx2-e1664384409272-1024x825.jpg 1024w, https:\/\/carbocampers.com.br\/wp-content\/uploads\/2022\/09\/Tx2-e1664384409272-768x619.jpg 768w, https:\/\/carbocampers.com.br\/wp-content\/uploads\/2022\/09\/Tx2-e1664384409272.jpg 1536w\" sizes=\"(max-width: 1395px) 100vw, 1395px\" \/><\/p>\n<p><span style=\"font-weight: 400;\">Todo mundo tem uma viagem inesquec\u00edvel, daquelas em que se cria expectativas, planeja os roteiros e cai na estrada para viver intensamente.&nbsp;<\/span><\/p>\n<p><span style=\"font-weight: 400;\">A viagem ao Jalap\u00e3o foi uma dessas, em que sab\u00edamos que o nosso roteiro, de certa forma, seria dif\u00edcil e por isso nos equipamos da melhor forma poss\u00edvel.&nbsp;<\/span><\/p>\n<p><span style=\"font-weight: 400;\">Decidimos viajar no m\u00eas de mar\u00e7o, um per\u00edodo chuvoso no Jalap\u00e3o. Por isso, enfrentamos muitas estradas de lodo, mas tamb\u00e9m tivemos o privil\u00e9gio de apreciar este per\u00edodo em que a vegeta\u00e7\u00e3o \u00e9 mais v\u00edvida e exuberante.<\/span><\/p>\n<p><span style=\"font-weight: 400;\">Em 15 dias, fizemos 6.000km de estradas de ch\u00e3o e asfalto, pegamos dias de chuva e sol e utilizamos nossa estrutura do TX2 para dormir e fazer nossas refei\u00e7\u00f5es.&nbsp;<\/span><\/p>\n<p><b>Para n\u00f3s, a principal vantagem de utilizar o camper \u00e9 a liberdade de fazer nossos roteiros sem agendamentos pr\u00e9vios. Ent\u00e3o, quando encontramos uma bela paisagem e um local seguro decid\u00edamos nossa parada na hora.&nbsp;<\/b><\/p>\n<p><span style=\"font-weight: 400;\">Apesar das temperaturas mais amenas do per\u00edodo, o calor ainda reinava naquela regi\u00e3o, ent\u00e3o o climatizador do camper foi fundamental para conseguirmos dormir melhor e aproveitar os passeios e visitas nos dias seguintes.&nbsp;<\/span><\/p>\n<p><span style=\"font-weight: 400;\">Durante a viagem, conhecemos fervedouros e cachoeiras, comunidades quilombolas e a capital federal. Aliando conforto e praticidade conseguimos aproveitar toda a viagem criando mem\u00f3rias para toda a vida.<\/span><\/p>\n<h2><span style=\"font-weight: 400;\">O que Voc\u00ea Precisa Saber sobre o TX2<\/span><\/h2>\n<p><span style=\"font-weight: 400;\">O camper TX2 \u00e9 um modelo compacto, pr\u00e1tico e com excelente custo-benef\u00edcio para quem est\u00e1 come\u00e7ando a investir em viagens e novas aventuras.&nbsp;<\/span><\/p>\n<h3><span style=\"font-weight: 400;\">Estrutura<\/span><\/h3>\n<p><img decoding=\"async\" class=\"alignnone wp-image-1731\" src=\"http:\/\/carbocampers.com.br\/wp-content\/uploads\/2022\/09\/tx2--300x225.jpg\" alt=\"cozinha do tx2 camper off road - carbo campers \" width=\"1387\" height=\"1040\" srcset=\"https:\/\/carbocampers.com.br\/wp-content\/uploads\/2022\/09\/tx2--300x225.jpg 300w, https:\/\/carbocampers.com.br\/wp-content\/uploads\/2022\/09\/tx2--1024x768.jpg 1024w, https:\/\/carbocampers.com.br\/wp-content\/uploads\/2022\/09\/tx2--768x576.jpg 768w, https:\/\/carbocampers.com.br\/wp-content\/uploads\/2022\/09\/tx2--1536x1152.jpg 1536w, https:\/\/carbocampers.com.br\/wp-content\/uploads\/2022\/09\/tx2--2048x1536.jpg 2048w\" sizes=\"(max-width: 1387px) 100vw, 1387px\" \/><\/p>\n<p><span style=\"font-weight: 400;\">Equipado com cama, pode comportar, tranquilamente, duas pessoas adultas, ideal para viagens solo ou em casal. <\/span><span style=\"font-weight: 400;\">E, voc\u00ea ainda pode optar por montar uma cozinha, para ter mais praticidade e aproveitar suas viagens com tranquilidade.<\/span><\/p>\n<p><span style=\"font-weight: 400;\">Al\u00e9m disso, ele serve na carroceria de <\/span><b>qualquer modelo de pick-up, <\/b><span style=\"font-weight: 400;\">sem comprometer seu desempenho.&nbsp;<\/span><\/p>\n<p><span style=\"font-weight: 400;\">Por fim, por ser adequado para esse tipo de carro, pode ser transportado para qualquer lugar que a sua 4&#215;4 tamb\u00e9m consiga atingir, seja em estradas de lama, terra, poeira, \u00e1gua ou at\u00e9 neve.<\/span><\/p>\n<h3><span style=\"font-weight: 400;\">Acess\u00f3rios Adicionais<\/span><\/h3>\n<ul>\n<li style=\"font-weight: 400;\" aria-level=\"1\"><span style=\"font-weight: 400;\">Placa solar de 150W e controlador de carga PWM 30A (Intelbr\u00e1s)<\/span><\/li>\n<li style=\"font-weight: 400;\" aria-level=\"1\"><span style=\"font-weight: 400;\">Climatizador da marca Resfriar<\/span><\/li>\n<li style=\"font-weight: 400;\" aria-level=\"1\"><span style=\"font-weight: 400;\">Kit el\u00e9trico composto por painel el\u00e9trico (com 1 tomada 12V e entrada USB), ilumina\u00e7\u00e3o em LED na barraca e na tampa traseira, bateria estacion\u00e1ria de 105A (marca Moura), inversor de Voltagem 1000W (marca Usina) e carregador de bateria de 100A (marca Usina).&nbsp;<\/span><\/li>\n<li style=\"font-weight: 400;\" aria-level=\"1\"><span style=\"font-weight: 400;\">Claraboya<\/span><\/li>\n<li style=\"font-weight: 400;\" aria-level=\"1\"><span style=\"font-weight: 400;\">Kit de arm\u00e1rios para cozinha, fog\u00e3o cooktop com duas bocas, botij\u00e3o de g\u00e1s, torneira dobr\u00e1vel e geladeira 75L.<\/span><\/li>\n<li style=\"font-weight: 400;\" aria-level=\"1\"><span style=\"font-weight: 400;\">Se n\u00e3o houver cozinha, voc\u00ea pode optar por arm\u00e1rios suspensos<\/span><\/li>\n<\/ul>\n<p><span style=\"font-weight: 400;\">Agora voc\u00ea j\u00e1 sabe que, com o TX2, \u00e9 poss\u00edvel fazer uma <\/span><b>viagem de carro<\/b><span style=\"font-weight: 400;\"> inesquec\u00edvel.&nbsp;<\/span><\/p>\n<p><span style=\"font-weight: 400;\">E, se voc\u00ea, assim como n\u00f3s e o Adailton, \u00e9 apaixonado pela vida na estrada, n\u00e3o deixe de conferir todos os detalhes do camper baixando o seu folheto t\u00e9cnico.&nbsp;<\/span><\/p>\n<p><span style=\"font-weight: 400;\"><a class=\"fasc-button fasc-size-large fasc-type-flat fasc-style-bold\" style=\"background-color: #d51f26; color: #ffffff;\" href=\"https:\/\/carbocampers.com.br\/es\/tx2-off-road\/folheto-tx2\/\">BAIXE O FOLHETO<\/a><\/span><\/p>\n<p><span style=\"font-weight: 400;\">E, claro, se voc\u00ea j\u00e1 estiver decidido sobre o investimento, fale com um de nossos consultores e solicite um or\u00e7amento!&nbsp;<\/span><\/p>\n<p><a class=\"fasc-button fasc-size-large fasc-type-flat fasc-style-bold\" style=\"background-color: #d51f26; color: #ffffff;\" href=\"https:\/\/carbocampers.com.br\/es\/contato\/\">SOLICITE UM OR\u00c7AMENTO<\/a><\/p>","protected":false},"excerpt":{"rendered":"<p><span class=\"span-reading-time rt-reading-time\" style=\"display: block;\"><span class=\"rt-label rt-prefix\"><b>Tempo de Leitura:<\/b><\/span> <span class=\"rt-time\"> 3<\/span> <span class=\"rt-label rt-postfix\">minutos. <br \/><\/span><\/span>O fot\u00f3grafo e apaixonado por aventuras, Adailton Monteiro, coleciona milhares de experi\u00eancias na estrada. Assim, foi um dos primeiros clientes a fazer uma viagem de carro com o TX2 da Carbo Campers. Impressionado com a qualidade do equipamento e a facilidade que ele proporciona na estrada, Adailton e Michele, sua esposa, resolveram compartilhar conosco os [&hellip;]<\/p>","protected":false},"author":6,"featured_media":1730,"comment_status":"open","ping_status":"open","sticky":false,"template":"","format":"standard","meta":{"footnotes":""},"categories":[17],"tags":[21,20,22,18,19,16],"class_list":["post-1728","post","type-post","status-publish","format-standard","has-post-thumbnail","hentry","category-tx2","tag-camper","tag-jalapao","tag-off-road","tag-tx2","tag-viagem-de-carro","tag-vida-na-estrada"],"yoast_head":"<!-- This site is optimized with the Yoast SEO plugin v25.8 - https:\/\/yoast.com\/wordpress\/plugins\/seo\/ -->\n<title>Viagem de Carro: Fot\u00f3grafo Adailton conhece o Jalap\u00e3o de TX2<\/title>\n<meta name=\"description\" content=\"Descubra como foi a viagem de carro do fot\u00f3grafo Adailton at\u00e9 o Jalap\u00e3o, acompanhado do seu TX2. Compartilhamos detalhes com voc\u00ea.\" \/>\n<meta name=\"robots\" content=\"index, follow, max-snippet:-1, max-image-preview:large, max-video-preview:-1\" \/>\n<link rel=\"canonical\" href=\"https:\/\/carbocampers.com.br\/es\/blog\/viagem-de-carro\/\" \/>\n<meta property=\"og:locale\" content=\"es_ES\" \/>\n<meta property=\"og:type\" content=\"article\" \/>\n<meta property=\"og:title\" content=\"Viagem de Carro: Fot\u00f3grafo Adailton conhece o Jalap\u00e3o de TX2\" \/>\n<meta property=\"og:description\" content=\"Descubra como foi a viagem de carro do fot\u00f3grafo Adailton at\u00e9 o Jalap\u00e3o, acompanhado do seu TX2. Compartilhamos detalhes com voc\u00ea.\" \/>\n<meta property=\"og:url\" content=\"https:\/\/carbocampers.com.br\/es\/blog\/viagem-de-carro\/\" \/>\n<meta property=\"og:site_name\" content=\"Carbo Campers\" \/>\n<meta property=\"article:publisher\" content=\"https:\/\/www.facebook.com\/carbocampers\" \/>\n<meta property=\"article:published_time\" content=\"2022-09-28T17:01:12+00:00\" \/>\n<meta property=\"article:modified_time\" content=\"2022-10-03T20:04:54+00:00\" \/>\n<meta property=\"og:image\" content=\"https:\/\/carbocampers.com.br\/wp-content\/uploads\/2022\/09\/viagem-jalapao-.jpg\" \/>\n\t<meta property=\"og:image:width\" content=\"2304\" \/>\n\t<meta property=\"og:image:height\" content=\"1536\" \/>\n\t<meta property=\"og:image:type\" content=\"image\/jpeg\" \/>\n<meta name=\"author\" content=\"amanda.h\" \/>\n<meta name=\"twitter:card\" content=\"summary_large_image\" \/>\n<meta name=\"twitter:label1\" content=\"Escrito por\" \/>\n\t<meta name=\"twitter:data1\" content=\"amanda.h\" \/>\n\t<meta name=\"twitter:label2\" content=\"Tiempo de lectura\" \/>\n\t<meta name=\"twitter:data2\" content=\"4 minutos\" \/>\n<script type=\"application\/ld+json\" class=\"yoast-schema-graph\">{\"@context\":\"https:\/\/schema.org\",\"@graph\":[{\"@type\":\"Article\",\"@id\":\"https:\/\/carbocampers.com.br\/blog\/viagem-de-carro\/#article\",\"isPartOf\":{\"@id\":\"https:\/\/carbocampers.com.br\/blog\/viagem-de-carro\/\"},\"author\":{\"name\":\"amanda.h\",\"@id\":\"https:\/\/carbocampers.com.br\/#\/schema\/person\/29619c18315427ae62db0f11ed84913b\"},\"headline\":\"Viagem de Carro: Fot\u00f3grafo conhece o Jalap\u00e3o a bordo do Trailer TX2\",\"datePublished\":\"2022-09-28T17:01:12+00:00\",\"dateModified\":\"2022-10-03T20:04:54+00:00\",\"mainEntityOfPage\":{\"@id\":\"https:\/\/carbocampers.com.br\/blog\/viagem-de-carro\/\"},\"wordCount\":656,\"commentCount\":0,\"publisher\":{\"@id\":\"https:\/\/carbocampers.com.br\/#organization\"},\"image\":{\"@id\":\"https:\/\/carbocampers.com.br\/blog\/viagem-de-carro\/#primaryimage\"},\"thumbnailUrl\":\"https:\/\/carbocampers.com.br\/wp-content\/uploads\/2022\/09\/viagem-jalapao-.jpg\",\"keywords\":[\"camper\",\"jalap\u00e3o\",\"off road\",\"tx2\",\"viagem de carro\",\"vida na estrada\"],\"articleSection\":[\"Tx2\"],\"inLanguage\":\"es\",\"potentialAction\":[{\"@type\":\"CommentAction\",\"name\":\"Comment\",\"target\":[\"https:\/\/carbocampers.com.br\/blog\/viagem-de-carro\/#respond\"]}]},{\"@type\":\"WebPage\",\"@id\":\"https:\/\/carbocampers.com.br\/blog\/viagem-de-carro\/\",\"url\":\"https:\/\/carbocampers.com.br\/blog\/viagem-de-carro\/\",\"name\":\"Viagem de Carro: Fot\u00f3grafo Adailton conhece o Jalap\u00e3o de TX2\",\"isPartOf\":{\"@id\":\"https:\/\/carbocampers.com.br\/#website\"},\"primaryImageOfPage\":{\"@id\":\"https:\/\/carbocampers.com.br\/blog\/viagem-de-carro\/#primaryimage\"},\"image\":{\"@id\":\"https:\/\/carbocampers.com.br\/blog\/viagem-de-carro\/#primaryimage\"},\"thumbnailUrl\":\"https:\/\/carbocampers.com.br\/wp-content\/uploads\/2022\/09\/viagem-jalapao-.jpg\",\"datePublished\":\"2022-09-28T17:01:12+00:00\",\"dateModified\":\"2022-10-03T20:04:54+00:00\",\"description\":\"Descubra como foi a viagem de carro do fot\u00f3grafo Adailton at\u00e9 o Jalap\u00e3o, acompanhado do seu TX2. Compartilhamos detalhes com voc\u00ea.\",\"breadcrumb\":{\"@id\":\"https:\/\/carbocampers.com.br\/blog\/viagem-de-carro\/#breadcrumb\"},\"inLanguage\":\"es\",\"potentialAction\":[{\"@type\":\"ReadAction\",\"target\":[\"https:\/\/carbocampers.com.br\/blog\/viagem-de-carro\/\"]}]},{\"@type\":\"ImageObject\",\"inLanguage\":\"es\",\"@id\":\"https:\/\/carbocampers.com.br\/blog\/viagem-de-carro\/#primaryimage\",\"url\":\"https:\/\/carbocampers.com.br\/wp-content\/uploads\/2022\/09\/viagem-jalapao-.jpg\",\"contentUrl\":\"https:\/\/carbocampers.com.br\/wp-content\/uploads\/2022\/09\/viagem-jalapao-.jpg\",\"width\":2304,\"height\":1536,\"caption\":\"Viagem de carro com camper off road ao Jalap\u00e3o - Carbo Campers\"},{\"@type\":\"BreadcrumbList\",\"@id\":\"https:\/\/carbocampers.com.br\/blog\/viagem-de-carro\/#breadcrumb\",\"itemListElement\":[{\"@type\":\"ListItem\",\"position\":1,\"name\":\"In\u00edcio\",\"item\":\"https:\/\/carbocampers.com.br\/\"},{\"@type\":\"ListItem\",\"position\":2,\"name\":\"Viagem de Carro: Fot\u00f3grafo conhece o Jalap\u00e3o a bordo do Trailer TX2\"}]},{\"@type\":\"WebSite\",\"@id\":\"https:\/\/carbocampers.com.br\/#website\",\"url\":\"https:\/\/carbocampers.com.br\/\",\"name\":\"Carbo Campers\",\"description\":\"\",\"publisher\":{\"@id\":\"https:\/\/carbocampers.com.br\/#organization\"},\"potentialAction\":[{\"@type\":\"SearchAction\",\"target\":{\"@type\":\"EntryPoint\",\"urlTemplate\":\"https:\/\/carbocampers.com.br\/?s={search_term_string}\"},\"query-input\":{\"@type\":\"PropertyValueSpecification\",\"valueRequired\":true,\"valueName\":\"search_term_string\"}}],\"inLanguage\":\"es\"},{\"@type\":\"Organization\",\"@id\":\"https:\/\/carbocampers.com.br\/#organization\",\"name\":\"Carbo Campers\",\"url\":\"https:\/\/carbocampers.com.br\/\",\"logo\":{\"@type\":\"ImageObject\",\"inLanguage\":\"es\",\"@id\":\"https:\/\/carbocampers.com.br\/#\/schema\/logo\/image\/\",\"url\":\"http:\/\/carbocampers.com.br\/wp-content\/uploads\/2022\/07\/cropped-Carbo-Campers-logo-2-2-220x90-1.png\",\"contentUrl\":\"http:\/\/carbocampers.com.br\/wp-content\/uploads\/2022\/07\/cropped-Carbo-Campers-logo-2-2-220x90-1.png\",\"width\":220,\"height\":90,\"caption\":\"Carbo Campers\"},\"image\":{\"@id\":\"https:\/\/carbocampers.com.br\/#\/schema\/logo\/image\/\"},\"sameAs\":[\"https:\/\/www.facebook.com\/carbocampers\",\"https:\/\/www.instagram.com\/carbocampers\/\"]},{\"@type\":\"Person\",\"@id\":\"https:\/\/carbocampers.com.br\/#\/schema\/person\/29619c18315427ae62db0f11ed84913b\",\"name\":\"amanda.h\",\"image\":{\"@type\":\"ImageObject\",\"inLanguage\":\"es\",\"@id\":\"https:\/\/carbocampers.com.br\/#\/schema\/person\/image\/\",\"url\":\"https:\/\/secure.gravatar.com\/avatar\/714cd29caa557c414b7a52fa6ffe93700cca24b0a48ae1a0a5b57d2da78bbe69?s=96&d=mm&r=g\",\"contentUrl\":\"https:\/\/secure.gravatar.com\/avatar\/714cd29caa557c414b7a52fa6ffe93700cca24b0a48ae1a0a5b57d2da78bbe69?s=96&d=mm&r=g\",\"caption\":\"amanda.h\"},\"url\":\"https:\/\/carbocampers.com.br\/es\/blog\/author\/amanda-h\/\"}]}<\/script>\n<!-- \/ Yoast SEO plugin. -->","yoast_head_json":{"title":"Viagem de Carro: Fot\u00f3grafo Adailton conhece o Jalap\u00e3o de TX2","description":"Descubra como foi a viagem de carro do fot\u00f3grafo Adailton at\u00e9 o Jalap\u00e3o, acompanhado do seu TX2. Compartilhamos detalhes com voc\u00ea.","robots":{"index":"index","follow":"follow","max-snippet":"max-snippet:-1","max-image-preview":"max-image-preview:large","max-video-preview":"max-video-preview:-1"},"canonical":"https:\/\/carbocampers.com.br\/es\/blog\/viagem-de-carro\/","og_locale":"es_ES","og_type":"article","og_title":"Viagem de Carro: Fot\u00f3grafo Adailton conhece o Jalap\u00e3o de TX2","og_description":"Descubra como foi a viagem de carro do fot\u00f3grafo Adailton at\u00e9 o Jalap\u00e3o, acompanhado do seu TX2. Compartilhamos detalhes com voc\u00ea.","og_url":"https:\/\/carbocampers.com.br\/es\/blog\/viagem-de-carro\/","og_site_name":"Carbo Campers","article_publisher":"https:\/\/www.facebook.com\/carbocampers","article_published_time":"2022-09-28T17:01:12+00:00","article_modified_time":"2022-10-03T20:04:54+00:00","og_image":[{"width":2304,"height":1536,"url":"https:\/\/carbocampers.com.br\/wp-content\/uploads\/2022\/09\/viagem-jalapao-.jpg","type":"image\/jpeg"}],"author":"amanda.h","twitter_card":"summary_large_image","twitter_misc":{"Escrito por":"amanda.h","Tiempo de lectura":"4 minutos"},"schema":{"@context":"https:\/\/schema.org","@graph":[{"@type":"Article","@id":"https:\/\/carbocampers.com.br\/blog\/viagem-de-carro\/#article","isPartOf":{"@id":"https:\/\/carbocampers.com.br\/blog\/viagem-de-carro\/"},"author":{"name":"amanda.h","@id":"https:\/\/carbocampers.com.br\/#\/schema\/person\/29619c18315427ae62db0f11ed84913b"},"headline":"Viagem de Carro: Fot\u00f3grafo conhece o Jalap\u00e3o a bordo do Trailer TX2","datePublished":"2022-09-28T17:01:12+00:00","dateModified":"2022-10-03T20:04:54+00:00","mainEntityOfPage":{"@id":"https:\/\/carbocampers.com.br\/blog\/viagem-de-carro\/"},"wordCount":656,"commentCount":0,"publisher":{"@id":"https:\/\/carbocampers.com.br\/#organization"},"image":{"@id":"https:\/\/carbocampers.com.br\/blog\/viagem-de-carro\/#primaryimage"},"thumbnailUrl":"https:\/\/carbocampers.com.br\/wp-content\/uploads\/2022\/09\/viagem-jalapao-.jpg","keywords":["camper","jalap\u00e3o","off road","tx2","viagem de carro","vida na estrada"],"articleSection":["Tx2"],"inLanguage":"es","potentialAction":[{"@type":"CommentAction","name":"Comment","target":["https:\/\/carbocampers.com.br\/blog\/viagem-de-carro\/#respond"]}]},{"@type":"WebPage","@id":"https:\/\/carbocampers.com.br\/blog\/viagem-de-carro\/","url":"https:\/\/carbocampers.com.br\/blog\/viagem-de-carro\/","name":"Viagem de Carro: Fot\u00f3grafo Adailton conhece o Jalap\u00e3o de TX2","isPartOf":{"@id":"https:\/\/carbocampers.com.br\/#website"},"primaryImageOfPage":{"@id":"https:\/\/carbocampers.com.br\/blog\/viagem-de-carro\/#primaryimage"},"image":{"@id":"https:\/\/carbocampers.com.br\/blog\/viagem-de-carro\/#primaryimage"},"thumbnailUrl":"https:\/\/carbocampers.com.br\/wp-content\/uploads\/2022\/09\/viagem-jalapao-.jpg","datePublished":"2022-09-28T17:01:12+00:00","dateModified":"2022-10-03T20:04:54+00:00","description":"Descubra como foi a viagem de carro do fot\u00f3grafo Adailton at\u00e9 o Jalap\u00e3o, acompanhado do seu TX2. Compartilhamos detalhes com voc\u00ea.","breadcrumb":{"@id":"https:\/\/carbocampers.com.br\/blog\/viagem-de-carro\/#breadcrumb"},"inLanguage":"es","potentialAction":[{"@type":"ReadAction","target":["https:\/\/carbocampers.com.br\/blog\/viagem-de-carro\/"]}]},{"@type":"ImageObject","inLanguage":"es","@id":"https:\/\/carbocampers.com.br\/blog\/viagem-de-carro\/#primaryimage","url":"https:\/\/carbocampers.com.br\/wp-content\/uploads\/2022\/09\/viagem-jalapao-.jpg","contentUrl":"https:\/\/carbocampers.com.br\/wp-content\/uploads\/2022\/09\/viagem-jalapao-.jpg","width":2304,"height":1536,"caption":"Viagem de carro com camper off road ao Jalap\u00e3o - Carbo Campers"},{"@type":"BreadcrumbList","@id":"https:\/\/carbocampers.com.br\/blog\/viagem-de-carro\/#breadcrumb","itemListElement":[{"@type":"ListItem","position":1,"name":"In\u00edcio","item":"https:\/\/carbocampers.com.br\/"},{"@type":"ListItem","position":2,"name":"Viagem de Carro: Fot\u00f3grafo conhece o Jalap\u00e3o a bordo do Trailer TX2"}]},{"@type":"WebSite","@id":"https:\/\/carbocampers.com.br\/#website","url":"https:\/\/carbocampers.com.br\/","name":"Carbo Campers","description":"","publisher":{"@id":"https:\/\/carbocampers.com.br\/#organization"},"potentialAction":[{"@type":"SearchAction","target":{"@type":"EntryPoint","urlTemplate":"https:\/\/carbocampers.com.br\/?s={search_term_string}"},"query-input":{"@type":"PropertyValueSpecification","valueRequired":true,"valueName":"search_term_string"}}],"inLanguage":"es"},{"@type":"Organization","@id":"https:\/\/carbocampers.com.br\/#organization","name":"Carbo Campers","url":"https:\/\/carbocampers.com.br\/","logo":{"@type":"ImageObject","inLanguage":"es","@id":"https:\/\/carbocampers.com.br\/#\/schema\/logo\/image\/","url":"http:\/\/carbocampers.com.br\/wp-content\/uploads\/2022\/07\/cropped-Carbo-Campers-logo-2-2-220x90-1.png","contentUrl":"http:\/\/carbocampers.com.br\/wp-content\/uploads\/2022\/07\/cropped-Carbo-Campers-logo-2-2-220x90-1.png","width":220,"height":90,"caption":"Carbo Campers"},"image":{"@id":"https:\/\/carbocampers.com.br\/#\/schema\/logo\/image\/"},"sameAs":["https:\/\/www.facebook.com\/carbocampers","https:\/\/www.instagram.com\/carbocampers\/"]},{"@type":"Person","@id":"https:\/\/carbocampers.com.br\/#\/schema\/person\/29619c18315427ae62db0f11ed84913b","name":"amanda.h","image":{"@type":"ImageObject","inLanguage":"es","@id":"https:\/\/carbocampers.com.br\/#\/schema\/person\/image\/","url":"https:\/\/secure.gravatar.com\/avatar\/714cd29caa557c414b7a52fa6ffe93700cca24b0a48ae1a0a5b57d2da78bbe69?s=96&d=mm&r=g","contentUrl":"https:\/\/secure.gravatar.com\/avatar\/714cd29caa557c414b7a52fa6ffe93700cca24b0a48ae1a0a5b57d2da78bbe69?s=96&d=mm&r=g","caption":"amanda.h"},"url":"https:\/\/carbocampers.com.br\/es\/blog\/author\/amanda-h\/"}]}},"_links":{"self":[{"href":"https:\/\/carbocampers.com.br\/es\/wp-json\/wp\/v2\/posts\/1728","targetHints":{"allow":["GET"]}}],"collection":[{"href":"https:\/\/carbocampers.com.br\/es\/wp-json\/wp\/v2\/posts"}],"about":[{"href":"https:\/\/carbocampers.com.br\/es\/wp-json\/wp\/v2\/types\/post"}],"author":[{"embeddable":true,"href":"https:\/\/carbocampers.com.br\/es\/wp-json\/wp\/v2\/users\/6"}],"replies":[{"embeddable":true,"href":"https:\/\/carbocampers.com.br\/es\/wp-json\/wp\/v2\/comments?post=1728"}],"version-history":[{"count":5,"href":"https:\/\/carbocampers.com.br\/es\/wp-json\/wp\/v2\/posts\/1728\/revisions"}],"predecessor-version":[{"id":1760,"href":"https:\/\/carbocampers.com.br\/es\/wp-json\/wp\/v2\/posts\/1728\/revisions\/1760"}],"wp:featuredmedia":[{"embeddable":true,"href":"https:\/\/carbocampers.com.br\/es\/wp-json\/wp\/v2\/media\/1730"}],"wp:attachment":[{"href":"https:\/\/carbocampers.com.br\/es\/wp-json\/wp\/v2\/media?parent=1728"}],"wp:term":[{"taxonomy":"category","embeddable":true,"href":"https:\/\/carbocampers.com.br\/es\/wp-json\/wp\/v2\/categories?post=1728"},{"taxonomy":"post_tag","embeddable":true,"href":"https:\/\/carbocampers.com.br\/es\/wp-json\/wp\/v2\/tags?post=1728"}],"curies":[{"name":"wp","href":"https:\/\/api.w.org\/{rel}","templated":true}]}}