{"id":2834,"date":"2023-09-11T14:27:48","date_gmt":"2023-09-11T17:27:48","guid":{"rendered":"https:\/\/carbocampers.com.br\/?p=2834"},"modified":"2025-02-10T16:05:53","modified_gmt":"2025-02-10T19:05:53","slug":"suas-ferias-inesqueciveis-de-carbo-campers","status":"publish","type":"post","link":"https:\/\/carbocampers.com.br\/es\/blog\/suas-ferias-inesqueciveis-de-carbo-campers\/","title":{"rendered":"Suas f\u00e9rias de trailer Carbo Campers inesquec\u00edveis"},"content":{"rendered":"<span class=\"span-reading-time rt-reading-time\" style=\"display: block;\"><span class=\"rt-label rt-prefix\"><b>Tempo de Leitura:<\/b><\/span> <span class=\"rt-time\"> 2<\/span> <span class=\"rt-label rt-postfix\">minutos. <br><\/span><\/span><p><span style=\"font-weight: 400;\">Suas f\u00e9rias de trailer inesquec\u00edveis de Carbo Campers. Est\u00e1 preparado para viver essa experi\u00eancia?<\/span><\/p>\n<p><span style=\"font-weight: 400;\">O que transforma as f\u00e9rias em experi\u00eancias verdadeiramente memor\u00e1veis? \u00c9 a viagem \u00e0quele destino que voc\u00ea sempre sonhou em conhecer, os momentos compartilhados com a fam\u00edlia e amigos, o aconchego de um bom hotel e ainda assim contemplar a beleza do p\u00f4r do sol na praia durante um fim de tarde?<\/span><\/p>\n<p><span style=\"font-weight: 400;\">Provavelmente um pouco de tudo isso. Por\u00e9m, de uma coisa temos certeza, para os grandes aventureiros, de nada importa s\u00f3 o destino.&nbsp;<\/span><\/p>\n<p><span style=\"font-weight: 400;\">Neste ver\u00e3o, eleve suas f\u00e9rias a um novo patamar e viaje de Carbo Campers.<\/span><\/p>\n<h2><span style=\"font-weight: 400;\">F\u00e9rias de trailer: Embarque na melhor experi\u00eancia&nbsp;<\/span><\/h2>\n<p><span style=\"font-weight: 400;\">Com um trailer off road, voc\u00ea entra na categoria seleta de viajantes que t\u00eam o privil\u00e9gio de ir para qualquer lugar, ou seja, usufruir do conforto de uma verdadeira casa sobre rodas.<\/span><\/p>\n<h2><span style=\"font-weight: 400;\">Escolha onde acordar a cada manh\u00e3<\/span><\/h2>\n<p><span style=\"font-weight: 400;\">D\u00ea as boas-vindas a um novo amanhecer onde voc\u00ea quiser. Ao optar por uma viagem de trailer, a decis\u00e3o de onde acordar a cada manh\u00e3 \u00e9 sua. Logo, explore lugares inexplorados, desde praias isoladas at\u00e9 paisagens montanhosas, ou seja, tudo isso enquanto desfruta da exclusividade de ter sua pr\u00f3pria casa sobre rodas. Por vezes, imagine-se despertando com o som das ondas quebrando na praia, bem como, a vista panor\u00e2mica das montanhas cobertas de neve.&nbsp;<\/span><\/p>\n<h2><span style=\"font-weight: 400;\">Conforto de hotel onde quer que voc\u00ea v\u00e1<\/span><\/h2>\n<p><span style=\"font-weight: 400;\">Imagine acampar nas margens de um lago ou nas encostas de uma montanha sob um c\u00e9u estrelado. Agora, adicione a isso o conforto e as comodidades de um hotel de primeira classe. Tenha todo o conforto que voc\u00ea espera, onde quer que esteja. Com uma cozinha totalmente equipada, \u00e1reas de estar aconchegantes e camas confort\u00e1veis, voc\u00ea n\u00e3o precisa sacrificar o luxo para vivenciar a beleza da natureza.<\/span><\/p>\n<h2><span style=\"font-weight: 400;\">Crie mem\u00f3rias \u00fanicas<\/span><\/h2>\n<p><span style=\"font-weight: 400;\">Dos lugares mais inexplorados, as paisagens mais belas e at\u00e9 os pequenos perrengues que acontecem em todas as viagens, vivencie aventuras memor\u00e1veis e aproveite a exclusividade de criar as melhores lembran\u00e7as que afinal, s\u00f3 uma viagem assim pode proporcionar, seja em fam\u00edlia, em casal ou com amigos, cada momento \u00e9 \u00fanico.<\/span><\/p>\n<p><span style=\"font-weight: 400;\">Com a Carbo Campers, suas f\u00e9rias s\u00e3o muito mais do que apenas viagens, s\u00e3o experi\u00eancias compartilhadas que criam la\u00e7os e mem\u00f3rias que durar\u00e3o toda a vida.<\/span><\/p>\n<p><a class=\"fasc-button fasc-size-medium fasc-type-flat\" style=\"background-color: #33809e; color: #ffffff;\" href=\"https:\/\/carbocampers.com.br\/es\/ferias-de-verao-carbo-campers\/\">FALE COM NOSSA EQUIPE<\/a><\/p>\n<h2><span style=\"font-weight: 400;\">F\u00e9rias de trailer: A melhor escolha para sua aventura<\/span><\/h2>\n<p><span style=\"font-weight: 400;\">Na viagem dos seus sonhos, v\u00e1 de Carbo Campers.<\/span><\/p>\n<p><span style=\"font-weight: 400;\">Seja no asfalto ou na estrada de ch\u00e3o, nossos trailers foram projetados para que voc\u00ea possa explorar qualquer destino, assim como nos terrenos mais desafiadores que s\u00f3 o seu 4X4 alcan\u00e7a.&nbsp;<\/span><\/p>\n<p><span style=\"font-weight: 400;\">Al\u00e9m disso, voc\u00ea pode conhecer os lugares mais incr\u00edveis e ainda contar com a seguran\u00e7a e o conforto de um hotel sob rodas.<\/span><\/p>\n<p><span style=\"font-weight: 400;\">Desbrave o desconhecido, mergulhe na natureza e experimente a liberdade de viajar para qualquer lugar, sem abrir m\u00e3o do conforto que voc\u00ea merece.<\/span><\/p>\n<p><span style=\"font-weight: 400;\">Ent\u00e3o, que tal elevar as suas f\u00e9rias a outro patamar e dar o primeiro passo para realizar o sonho das f\u00e9rias perfeitas?<\/span><\/p>\n<p><a class=\"fasc-button fasc-size-medium fasc-type-flat\" style=\"background-color: #33809e; color: #ffffff;\" href=\"https:\/\/carbocampers.com.br\/es\/ferias-de-verao-carbo-campers\/\">PE\u00c7A UM OR\u00c7AMENTO<\/a><\/p>","protected":false},"excerpt":{"rendered":"<p><span class=\"span-reading-time rt-reading-time\" style=\"display: block;\"><span class=\"rt-label rt-prefix\"><b>Tempo de Leitura:<\/b><\/span> <span class=\"rt-time\"> 2<\/span> <span class=\"rt-label rt-postfix\">minutos. <br \/><\/span><\/span>Suas f\u00e9rias de trailer inesquec\u00edveis de Carbo Campers. Est\u00e1 preparado para viver essa experi\u00eancia? O que transforma as f\u00e9rias em experi\u00eancias verdadeiramente memor\u00e1veis? \u00c9 a viagem \u00e0quele destino que voc\u00ea sempre sonhou em conhecer, os momentos compartilhados com a fam\u00edlia e amigos, o aconchego de um bom hotel e ainda assim contemplar a beleza do [&hellip;]<\/p>","protected":false},"author":11,"featured_media":2835,"comment_status":"open","ping_status":"open","sticky":false,"template":"","format":"standard","meta":{"footnotes":""},"categories":[29],"tags":[13,14,21,9,41,40,20],"class_list":["post-2834","post","type-post","status-publish","format-standard","has-post-thumbnail","hentry","category-trailer-off-road","tag-acampamento","tag-aventuras","tag-camper","tag-camping","tag-carbo-campers","tag-comprar-um-trailer","tag-jalapao"],"yoast_head":"<!-- This site is optimized with the Yoast SEO plugin v25.8 - https:\/\/yoast.com\/wordpress\/plugins\/seo\/ -->\n<title>Suas f\u00e9rias de trailer Carbo Campers inesquec\u00edveis - Carbo Campers<\/title>\n<meta name=\"description\" content=\"Experimente a liberdade de curtir suas f\u00e9rias com uma viagem de trailer, ir para qualquer lugar, sem abrir m\u00e3o do conforto de um hotel.\" \/>\n<meta name=\"robots\" content=\"index, follow, max-snippet:-1, max-image-preview:large, max-video-preview:-1\" \/>\n<link rel=\"canonical\" href=\"https:\/\/carbocampers.com.br\/es\/blog\/suas-ferias-inesqueciveis-de-carbo-campers\/\" \/>\n<meta property=\"og:locale\" content=\"es_ES\" \/>\n<meta property=\"og:type\" content=\"article\" \/>\n<meta property=\"og:title\" content=\"Suas f\u00e9rias de trailer Carbo Campers inesquec\u00edveis - Carbo Campers\" \/>\n<meta property=\"og:description\" content=\"Experimente a liberdade de curtir suas f\u00e9rias com uma viagem de trailer, ir para qualquer lugar, sem abrir m\u00e3o do conforto de um hotel.\" \/>\n<meta property=\"og:url\" content=\"https:\/\/carbocampers.com.br\/es\/blog\/suas-ferias-inesqueciveis-de-carbo-campers\/\" \/>\n<meta property=\"og:site_name\" content=\"Carbo Campers\" \/>\n<meta property=\"article:publisher\" content=\"https:\/\/www.facebook.com\/carbocampers\" \/>\n<meta property=\"article:published_time\" content=\"2023-09-11T17:27:48+00:00\" \/>\n<meta property=\"article:modified_time\" content=\"2025-02-10T19:05:53+00:00\" \/>\n<meta property=\"og:image\" content=\"http:\/\/carbocampers.com.br\/wp-content\/uploads\/2023\/09\/CAR_23_019-Campanha-Ferias-de-Verao-Blogpost-1024x576.jpg\" \/>\n\t<meta property=\"og:image:width\" content=\"1024\" \/>\n\t<meta property=\"og:image:height\" content=\"576\" \/>\n\t<meta property=\"og:image:type\" content=\"image\/jpeg\" \/>\n<meta name=\"author\" content=\"Heloisa\" \/>\n<meta name=\"twitter:card\" content=\"summary_large_image\" \/>\n<meta name=\"twitter:label1\" content=\"Escrito por\" \/>\n\t<meta name=\"twitter:data1\" content=\"Heloisa\" \/>\n\t<meta name=\"twitter:label2\" content=\"Tiempo de lectura\" \/>\n\t<meta name=\"twitter:data2\" content=\"3 minutos\" \/>\n<script type=\"application\/ld+json\" class=\"yoast-schema-graph\">{\"@context\":\"https:\/\/schema.org\",\"@graph\":[{\"@type\":\"Article\",\"@id\":\"https:\/\/carbocampers.com.br\/blog\/suas-ferias-inesqueciveis-de-carbo-campers\/#article\",\"isPartOf\":{\"@id\":\"https:\/\/carbocampers.com.br\/blog\/suas-ferias-inesqueciveis-de-carbo-campers\/\"},\"author\":{\"name\":\"Heloisa\",\"@id\":\"https:\/\/carbocampers.com.br\/#\/schema\/person\/02b348d26ddd3563d674f9c61bd6dc3b\"},\"headline\":\"Suas f\u00e9rias de trailer Carbo Campers inesquec\u00edveis\",\"datePublished\":\"2023-09-11T17:27:48+00:00\",\"dateModified\":\"2025-02-10T19:05:53+00:00\",\"mainEntityOfPage\":{\"@id\":\"https:\/\/carbocampers.com.br\/blog\/suas-ferias-inesqueciveis-de-carbo-campers\/\"},\"wordCount\":553,\"commentCount\":0,\"publisher\":{\"@id\":\"https:\/\/carbocampers.com.br\/#organization\"},\"image\":{\"@id\":\"https:\/\/carbocampers.com.br\/blog\/suas-ferias-inesqueciveis-de-carbo-campers\/#primaryimage\"},\"thumbnailUrl\":\"https:\/\/carbocampers.com.br\/wp-content\/uploads\/2023\/09\/CAR_23_019-Campanha-Ferias-de-Verao-Blogpost.jpg\",\"keywords\":[\"acampamento\",\"aventuras\",\"camper\",\"camping\",\"carbo campers\",\"comprar um trailer\",\"jalap\u00e3o\"],\"articleSection\":[\"Trailer Off Road\"],\"inLanguage\":\"es\",\"potentialAction\":[{\"@type\":\"CommentAction\",\"name\":\"Comment\",\"target\":[\"https:\/\/carbocampers.com.br\/blog\/suas-ferias-inesqueciveis-de-carbo-campers\/#respond\"]}]},{\"@type\":\"WebPage\",\"@id\":\"https:\/\/carbocampers.com.br\/blog\/suas-ferias-inesqueciveis-de-carbo-campers\/\",\"url\":\"https:\/\/carbocampers.com.br\/blog\/suas-ferias-inesqueciveis-de-carbo-campers\/\",\"name\":\"Suas f\u00e9rias de trailer Carbo Campers inesquec\u00edveis - Carbo Campers\",\"isPartOf\":{\"@id\":\"https:\/\/carbocampers.com.br\/#website\"},\"primaryImageOfPage\":{\"@id\":\"https:\/\/carbocampers.com.br\/blog\/suas-ferias-inesqueciveis-de-carbo-campers\/#primaryimage\"},\"image\":{\"@id\":\"https:\/\/carbocampers.com.br\/blog\/suas-ferias-inesqueciveis-de-carbo-campers\/#primaryimage\"},\"thumbnailUrl\":\"https:\/\/carbocampers.com.br\/wp-content\/uploads\/2023\/09\/CAR_23_019-Campanha-Ferias-de-Verao-Blogpost.jpg\",\"datePublished\":\"2023-09-11T17:27:48+00:00\",\"dateModified\":\"2025-02-10T19:05:53+00:00\",\"description\":\"Experimente a liberdade de curtir suas f\u00e9rias com uma viagem de trailer, ir para qualquer lugar, sem abrir m\u00e3o do conforto de um hotel.\",\"breadcrumb\":{\"@id\":\"https:\/\/carbocampers.com.br\/blog\/suas-ferias-inesqueciveis-de-carbo-campers\/#breadcrumb\"},\"inLanguage\":\"es\",\"potentialAction\":[{\"@type\":\"ReadAction\",\"target\":[\"https:\/\/carbocampers.com.br\/blog\/suas-ferias-inesqueciveis-de-carbo-campers\/\"]}]},{\"@type\":\"ImageObject\",\"inLanguage\":\"es\",\"@id\":\"https:\/\/carbocampers.com.br\/blog\/suas-ferias-inesqueciveis-de-carbo-campers\/#primaryimage\",\"url\":\"https:\/\/carbocampers.com.br\/wp-content\/uploads\/2023\/09\/CAR_23_019-Campanha-Ferias-de-Verao-Blogpost.jpg\",\"contentUrl\":\"https:\/\/carbocampers.com.br\/wp-content\/uploads\/2023\/09\/CAR_23_019-Campanha-Ferias-de-Verao-Blogpost.jpg\",\"width\":1920,\"height\":1080,\"caption\":\"aproveite as f\u00e9rias de ver\u00e3o e viaje de trailer\"},{\"@type\":\"BreadcrumbList\",\"@id\":\"https:\/\/carbocampers.com.br\/blog\/suas-ferias-inesqueciveis-de-carbo-campers\/#breadcrumb\",\"itemListElement\":[{\"@type\":\"ListItem\",\"position\":1,\"name\":\"In\u00edcio\",\"item\":\"https:\/\/carbocampers.com.br\/\"},{\"@type\":\"ListItem\",\"position\":2,\"name\":\"Suas f\u00e9rias de trailer Carbo Campers inesquec\u00edveis\"}]},{\"@type\":\"WebSite\",\"@id\":\"https:\/\/carbocampers.com.br\/#website\",\"url\":\"https:\/\/carbocampers.com.br\/\",\"name\":\"Carbo Campers\",\"description\":\"\",\"publisher\":{\"@id\":\"https:\/\/carbocampers.com.br\/#organization\"},\"potentialAction\":[{\"@type\":\"SearchAction\",\"target\":{\"@type\":\"EntryPoint\",\"urlTemplate\":\"https:\/\/carbocampers.com.br\/?s={search_term_string}\"},\"query-input\":{\"@type\":\"PropertyValueSpecification\",\"valueRequired\":true,\"valueName\":\"search_term_string\"}}],\"inLanguage\":\"es\"},{\"@type\":\"Organization\",\"@id\":\"https:\/\/carbocampers.com.br\/#organization\",\"name\":\"Carbo Campers\",\"url\":\"https:\/\/carbocampers.com.br\/\",\"logo\":{\"@type\":\"ImageObject\",\"inLanguage\":\"es\",\"@id\":\"https:\/\/carbocampers.com.br\/#\/schema\/logo\/image\/\",\"url\":\"http:\/\/carbocampers.com.br\/wp-content\/uploads\/2022\/07\/cropped-Carbo-Campers-logo-2-2-220x90-1.png\",\"contentUrl\":\"http:\/\/carbocampers.com.br\/wp-content\/uploads\/2022\/07\/cropped-Carbo-Campers-logo-2-2-220x90-1.png\",\"width\":220,\"height\":90,\"caption\":\"Carbo Campers\"},\"image\":{\"@id\":\"https:\/\/carbocampers.com.br\/#\/schema\/logo\/image\/\"},\"sameAs\":[\"https:\/\/www.facebook.com\/carbocampers\",\"https:\/\/www.instagram.com\/carbocampers\/\"]},{\"@type\":\"Person\",\"@id\":\"https:\/\/carbocampers.com.br\/#\/schema\/person\/02b348d26ddd3563d674f9c61bd6dc3b\",\"name\":\"Heloisa\",\"image\":{\"@type\":\"ImageObject\",\"inLanguage\":\"es\",\"@id\":\"https:\/\/carbocampers.com.br\/#\/schema\/person\/image\/\",\"url\":\"https:\/\/secure.gravatar.com\/avatar\/0be3feae41bdb6720cddf48c2590cabe9941c25e2cb5aa9aea97e50ed8f0ba1c?s=96&d=mm&r=g\",\"contentUrl\":\"https:\/\/secure.gravatar.com\/avatar\/0be3feae41bdb6720cddf48c2590cabe9941c25e2cb5aa9aea97e50ed8f0ba1c?s=96&d=mm&r=g\",\"caption\":\"Heloisa\"},\"url\":\"https:\/\/carbocampers.com.br\/es\/blog\/author\/heloisa\/\"}]}<\/script>\n<!-- \/ Yoast SEO plugin. -->","yoast_head_json":{"title":"Suas f\u00e9rias de trailer Carbo Campers inesquec\u00edveis - Carbo Campers","description":"Experimente a liberdade de curtir suas f\u00e9rias com uma viagem de trailer, ir para qualquer lugar, sem abrir m\u00e3o do conforto de um hotel.","robots":{"index":"index","follow":"follow","max-snippet":"max-snippet:-1","max-image-preview":"max-image-preview:large","max-video-preview":"max-video-preview:-1"},"canonical":"https:\/\/carbocampers.com.br\/es\/blog\/suas-ferias-inesqueciveis-de-carbo-campers\/","og_locale":"es_ES","og_type":"article","og_title":"Suas f\u00e9rias de trailer Carbo Campers inesquec\u00edveis - Carbo Campers","og_description":"Experimente a liberdade de curtir suas f\u00e9rias com uma viagem de trailer, ir para qualquer lugar, sem abrir m\u00e3o do conforto de um hotel.","og_url":"https:\/\/carbocampers.com.br\/es\/blog\/suas-ferias-inesqueciveis-de-carbo-campers\/","og_site_name":"Carbo Campers","article_publisher":"https:\/\/www.facebook.com\/carbocampers","article_published_time":"2023-09-11T17:27:48+00:00","article_modified_time":"2025-02-10T19:05:53+00:00","og_image":[{"width":1024,"height":576,"url":"http:\/\/carbocampers.com.br\/wp-content\/uploads\/2023\/09\/CAR_23_019-Campanha-Ferias-de-Verao-Blogpost-1024x576.jpg","type":"image\/jpeg"}],"author":"Heloisa","twitter_card":"summary_large_image","twitter_misc":{"Escrito por":"Heloisa","Tiempo de lectura":"3 minutos"},"schema":{"@context":"https:\/\/schema.org","@graph":[{"@type":"Article","@id":"https:\/\/carbocampers.com.br\/blog\/suas-ferias-inesqueciveis-de-carbo-campers\/#article","isPartOf":{"@id":"https:\/\/carbocampers.com.br\/blog\/suas-ferias-inesqueciveis-de-carbo-campers\/"},"author":{"name":"Heloisa","@id":"https:\/\/carbocampers.com.br\/#\/schema\/person\/02b348d26ddd3563d674f9c61bd6dc3b"},"headline":"Suas f\u00e9rias de trailer Carbo Campers inesquec\u00edveis","datePublished":"2023-09-11T17:27:48+00:00","dateModified":"2025-02-10T19:05:53+00:00","mainEntityOfPage":{"@id":"https:\/\/carbocampers.com.br\/blog\/suas-ferias-inesqueciveis-de-carbo-campers\/"},"wordCount":553,"commentCount":0,"publisher":{"@id":"https:\/\/carbocampers.com.br\/#organization"},"image":{"@id":"https:\/\/carbocampers.com.br\/blog\/suas-ferias-inesqueciveis-de-carbo-campers\/#primaryimage"},"thumbnailUrl":"https:\/\/carbocampers.com.br\/wp-content\/uploads\/2023\/09\/CAR_23_019-Campanha-Ferias-de-Verao-Blogpost.jpg","keywords":["acampamento","aventuras","camper","camping","carbo campers","comprar um trailer","jalap\u00e3o"],"articleSection":["Trailer Off Road"],"inLanguage":"es","potentialAction":[{"@type":"CommentAction","name":"Comment","target":["https:\/\/carbocampers.com.br\/blog\/suas-ferias-inesqueciveis-de-carbo-campers\/#respond"]}]},{"@type":"WebPage","@id":"https:\/\/carbocampers.com.br\/blog\/suas-ferias-inesqueciveis-de-carbo-campers\/","url":"https:\/\/carbocampers.com.br\/blog\/suas-ferias-inesqueciveis-de-carbo-campers\/","name":"Suas f\u00e9rias de trailer Carbo Campers inesquec\u00edveis - Carbo Campers","isPartOf":{"@id":"https:\/\/carbocampers.com.br\/#website"},"primaryImageOfPage":{"@id":"https:\/\/carbocampers.com.br\/blog\/suas-ferias-inesqueciveis-de-carbo-campers\/#primaryimage"},"image":{"@id":"https:\/\/carbocampers.com.br\/blog\/suas-ferias-inesqueciveis-de-carbo-campers\/#primaryimage"},"thumbnailUrl":"https:\/\/carbocampers.com.br\/wp-content\/uploads\/2023\/09\/CAR_23_019-Campanha-Ferias-de-Verao-Blogpost.jpg","datePublished":"2023-09-11T17:27:48+00:00","dateModified":"2025-02-10T19:05:53+00:00","description":"Experimente a liberdade de curtir suas f\u00e9rias com uma viagem de trailer, ir para qualquer lugar, sem abrir m\u00e3o do conforto de um hotel.","breadcrumb":{"@id":"https:\/\/carbocampers.com.br\/blog\/suas-ferias-inesqueciveis-de-carbo-campers\/#breadcrumb"},"inLanguage":"es","potentialAction":[{"@type":"ReadAction","target":["https:\/\/carbocampers.com.br\/blog\/suas-ferias-inesqueciveis-de-carbo-campers\/"]}]},{"@type":"ImageObject","inLanguage":"es","@id":"https:\/\/carbocampers.com.br\/blog\/suas-ferias-inesqueciveis-de-carbo-campers\/#primaryimage","url":"https:\/\/carbocampers.com.br\/wp-content\/uploads\/2023\/09\/CAR_23_019-Campanha-Ferias-de-Verao-Blogpost.jpg","contentUrl":"https:\/\/carbocampers.com.br\/wp-content\/uploads\/2023\/09\/CAR_23_019-Campanha-Ferias-de-Verao-Blogpost.jpg","width":1920,"height":1080,"caption":"aproveite as f\u00e9rias de ver\u00e3o e viaje de trailer"},{"@type":"BreadcrumbList","@id":"https:\/\/carbocampers.com.br\/blog\/suas-ferias-inesqueciveis-de-carbo-campers\/#breadcrumb","itemListElement":[{"@type":"ListItem","position":1,"name":"In\u00edcio","item":"https:\/\/carbocampers.com.br\/"},{"@type":"ListItem","position":2,"name":"Suas f\u00e9rias de trailer Carbo Campers inesquec\u00edveis"}]},{"@type":"WebSite","@id":"https:\/\/carbocampers.com.br\/#website","url":"https:\/\/carbocampers.com.br\/","name":"Carbo Campers","description":"","publisher":{"@id":"https:\/\/carbocampers.com.br\/#organization"},"potentialAction":[{"@type":"SearchAction","target":{"@type":"EntryPoint","urlTemplate":"https:\/\/carbocampers.com.br\/?s={search_term_string}"},"query-input":{"@type":"PropertyValueSpecification","valueRequired":true,"valueName":"search_term_string"}}],"inLanguage":"es"},{"@type":"Organization","@id":"https:\/\/carbocampers.com.br\/#organization","name":"Carbo Campers","url":"https:\/\/carbocampers.com.br\/","logo":{"@type":"ImageObject","inLanguage":"es","@id":"https:\/\/carbocampers.com.br\/#\/schema\/logo\/image\/","url":"http:\/\/carbocampers.com.br\/wp-content\/uploads\/2022\/07\/cropped-Carbo-Campers-logo-2-2-220x90-1.png","contentUrl":"http:\/\/carbocampers.com.br\/wp-content\/uploads\/2022\/07\/cropped-Carbo-Campers-logo-2-2-220x90-1.png","width":220,"height":90,"caption":"Carbo Campers"},"image":{"@id":"https:\/\/carbocampers.com.br\/#\/schema\/logo\/image\/"},"sameAs":["https:\/\/www.facebook.com\/carbocampers","https:\/\/www.instagram.com\/carbocampers\/"]},{"@type":"Person","@id":"https:\/\/carbocampers.com.br\/#\/schema\/person\/02b348d26ddd3563d674f9c61bd6dc3b","name":"Heloisa","image":{"@type":"ImageObject","inLanguage":"es","@id":"https:\/\/carbocampers.com.br\/#\/schema\/person\/image\/","url":"https:\/\/secure.gravatar.com\/avatar\/0be3feae41bdb6720cddf48c2590cabe9941c25e2cb5aa9aea97e50ed8f0ba1c?s=96&d=mm&r=g","contentUrl":"https:\/\/secure.gravatar.com\/avatar\/0be3feae41bdb6720cddf48c2590cabe9941c25e2cb5aa9aea97e50ed8f0ba1c?s=96&d=mm&r=g","caption":"Heloisa"},"url":"https:\/\/carbocampers.com.br\/es\/blog\/author\/heloisa\/"}]}},"_links":{"self":[{"href":"https:\/\/carbocampers.com.br\/es\/wp-json\/wp\/v2\/posts\/2834","targetHints":{"allow":["GET"]}}],"collection":[{"href":"https:\/\/carbocampers.com.br\/es\/wp-json\/wp\/v2\/posts"}],"about":[{"href":"https:\/\/carbocampers.com.br\/es\/wp-json\/wp\/v2\/types\/post"}],"author":[{"embeddable":true,"href":"https:\/\/carbocampers.com.br\/es\/wp-json\/wp\/v2\/users\/11"}],"replies":[{"embeddable":true,"href":"https:\/\/carbocampers.com.br\/es\/wp-json\/wp\/v2\/comments?post=2834"}],"version-history":[{"count":3,"href":"https:\/\/carbocampers.com.br\/es\/wp-json\/wp\/v2\/posts\/2834\/revisions"}],"predecessor-version":[{"id":4233,"href":"https:\/\/carbocampers.com.br\/es\/wp-json\/wp\/v2\/posts\/2834\/revisions\/4233"}],"wp:featuredmedia":[{"embeddable":true,"href":"https:\/\/carbocampers.com.br\/es\/wp-json\/wp\/v2\/media\/2835"}],"wp:attachment":[{"href":"https:\/\/carbocampers.com.br\/es\/wp-json\/wp\/v2\/media?parent=2834"}],"wp:term":[{"taxonomy":"category","embeddable":true,"href":"https:\/\/carbocampers.com.br\/es\/wp-json\/wp\/v2\/categories?post=2834"},{"taxonomy":"post_tag","embeddable":true,"href":"https:\/\/carbocampers.com.br\/es\/wp-json\/wp\/v2\/tags?post=2834"}],"curies":[{"name":"wp","href":"https:\/\/api.w.org\/{rel}","templated":true}]}}