{"id":2883,"date":"2023-12-14T17:02:26","date_gmt":"2023-12-14T20:02:26","guid":{"rendered":"https:\/\/carbocampers.com.br\/?p=2883"},"modified":"2025-02-10T16:00:58","modified_gmt":"2025-02-10T19:00:58","slug":"viagem-off-road-no-verao-como-planejar-um-trajeto-incrivel","status":"publish","type":"post","link":"https:\/\/carbocampers.com.br\/es\/blog\/viagem-off-road-no-verao-como-planejar-um-trajeto-incrivel\/","title":{"rendered":"Viagem off road no ver\u00e3o: planeje um trajeto incr\u00edvel"},"content":{"rendered":"<span class=\"span-reading-time rt-reading-time\" style=\"display: block;\"><span class=\"rt-label rt-prefix\"><b>Tempo de Leitura:<\/b><\/span> <span class=\"rt-time\"> 3<\/span> <span class=\"rt-label rt-postfix\">minutos. <br><\/span><\/span><p><span style=\"font-weight: 400;\">Sabemos como \u00e9 especial planejar uma viagem off road no ver\u00e3o. Afinal, nada melhor do que pegar a estrada para conhecer belas praias, trilhas e cachoeiras, certo?<\/span><\/p>\n<p><span style=\"font-weight: 400;\">Al\u00e9m disso, \u00e9 o melhor momento para tirar aquele sonho antigo do papel e viver uma aventura totalmente diferente para come\u00e7ar o ano com as melhores lembran\u00e7as.<\/span><\/p>\n<p><span style=\"font-weight: 400;\">Assim, se voc\u00ea est\u00e1 pensando em cair em estradas pouco exploradas para se desligar dos problemas e se reconectar com a sua natureza, n\u00f3s temos as dicas perfeitas para voc\u00ea.<\/span><\/p>\n<p><span style=\"font-weight: 400;\">Neste artigo, vamos compartilhar algumas dicas essenciais para garantir que a sua viagem seja incr\u00edvel.<\/span><\/p>\n<h2><span style=\"font-weight: 400;\">Como planejar a viagem perfeita?<\/span><\/h2>\n<p><img fetchpriority=\"high\" decoding=\"async\" class=\"wp-image-2884\" src=\"http:\/\/carbocampers.com.br\/wp-content\/uploads\/2023\/12\/couple-reading-a-map-in-search-of-hiking-trail-2023-11-27-05-32-40-utc-300x200.jpg\" alt=\"\" width=\"522\" height=\"348\" srcset=\"https:\/\/carbocampers.com.br\/wp-content\/uploads\/2023\/12\/couple-reading-a-map-in-search-of-hiking-trail-2023-11-27-05-32-40-utc-300x200.jpg 300w, https:\/\/carbocampers.com.br\/wp-content\/uploads\/2023\/12\/couple-reading-a-map-in-search-of-hiking-trail-2023-11-27-05-32-40-utc-1024x683.jpg 1024w, https:\/\/carbocampers.com.br\/wp-content\/uploads\/2023\/12\/couple-reading-a-map-in-search-of-hiking-trail-2023-11-27-05-32-40-utc-768x512.jpg 768w, https:\/\/carbocampers.com.br\/wp-content\/uploads\/2023\/12\/couple-reading-a-map-in-search-of-hiking-trail-2023-11-27-05-32-40-utc-1536x1024.jpg 1536w, https:\/\/carbocampers.com.br\/wp-content\/uploads\/2023\/12\/couple-reading-a-map-in-search-of-hiking-trail-2023-11-27-05-32-40-utc-2048x1365.jpg 2048w, https:\/\/carbocampers.com.br\/wp-content\/uploads\/2023\/12\/couple-reading-a-map-in-search-of-hiking-trail-2023-11-27-05-32-40-utc-18x12.jpg 18w\" sizes=\"(max-width: 522px) 100vw, 522px\" \/><\/p>\n<p><span style=\"font-weight: 400;\">Antes de tudo, \u00e9 fundamental fazer algumas escolhas b\u00e1sicas, afinal, \u00e9 s\u00f3 a partir delas que vai ser poss\u00edvel montar o roteiro e definir todo o resto da viagem. Confira.&nbsp;<\/span><\/p>\n<h3><span style=\"font-weight: 400;\">Escolha o destino dos seus sonhos<\/span><\/h3>\n<p><span style=\"font-weight: 400;\">Ter um destino claro em mente \u00e9 o primeiro passo para uma experi\u00eancia de viagem incr\u00edvel. Defina o local para onde deseja viajar, pode ser uma cidade que sempre quis conhecer, um pa\u00eds que desperta sua curiosidade ou at\u00e9 mesmo um continente repleto de possibilidades.<\/span><\/p>\n<h3><span style=\"font-weight: 400;\">Marque as datas na agenda<\/span><\/h3>\n<p><span style=\"font-weight: 400;\">Escolher o per\u00edodo da viagem n\u00e3o apenas ajuda na busca por passagens mais acess\u00edveis, mas tamb\u00e9m permite que voc\u00ea reserve acomoda\u00e7\u00f5es de maneira eficiente e planeje todos os detalhes do itiner\u00e1rio.&nbsp;<\/span><\/p>\n<h3><span style=\"font-weight: 400;\">Estabele\u00e7a um or\u00e7amento<\/span><\/h3>\n<p><span style=\"font-weight: 400;\">Outra quest\u00e3o essencial \u00e9 estabelecer um or\u00e7amento para a viagem. Definir limites financeiros n\u00e3o apenas proporciona clareza sobre seus gastos esperados, mas tamb\u00e9m ajuda a tomar decis\u00f5es mais conscientes quando se trata de escolhas financeiras durante a viagem. Ter um or\u00e7amento claro permite que voc\u00ea aproveite ao m\u00e1ximo suas f\u00e9rias.<\/span><\/p>\n<p><span style=\"font-weight: 400;\">Portanto, antes de embarcar nessa emocionante viagem, escolha seu destino, defina as datas e estabele\u00e7a um or\u00e7amento. Esses passos simples, mas fundamentais, criar\u00e3o a base para uma viagem inesquec\u00edvel.<\/span><\/p>\n<h2><span style=\"font-weight: 400;\">N\u00e3o se esque\u00e7a deles: Lista de itens essenciais<\/span><\/h2>\n<h3><span style=\"font-weight: 400;\">Documenta\u00e7\u00e3o<\/span><\/h3>\n<p><span style=\"font-weight: 400;\">Confira se \u00e9 necess\u00e1rio passaporte, visto ou vacinas espec\u00edficas para o local que voc\u00ea pretende visitar. Garanta que todos os seus documentos estejam em ordem. Se por acaso n\u00e3o estiverem, tome as medidas necess\u00e1rias o quanto antes para garantir que tudo transcorra conforme o planejado<\/span><\/p>\n<h3><span style=\"font-weight: 400;\">Equipamentos eletr\u00f4nicos<\/span><\/h3>\n<p><span style=\"font-weight: 400;\">N\u00e3o se esque\u00e7a de pegar sua c\u00e2mera ou celular antes de sair para a viagem. E claro, n\u00e3o esque\u00e7a do carregador! Assim, voc\u00ea est\u00e1 pronto para fotografar todos os momentos legais que aparecerem no caminho. Al\u00e9m disso, confira se as baterias est\u00e3o carregadas para n\u00e3o perder nenhum registro!&nbsp;<\/span><\/p>\n<h3><span style=\"font-weight: 400;\">Kit de ver\u00e3o: prepara-se para o sol<\/span><\/h3>\n<p><span style=\"font-weight: 400;\">N\u00e3o esque\u00e7a dos itens indispens\u00e1veis para curtir a praia ao m\u00e1ximo! Proteja-se do sol com um bom protetor solar, leve um guarda-sol para garantir a sombra, al\u00e9m disso, n\u00e3o deixe de levar as roupas de banho, \u00f3culos de sol e chinelos para aproveitar o mar ou piscina e todos os momentos com total conforto.<\/span><\/p>\n<h2><span style=\"font-weight: 400;\">Destinos incr\u00edveis para o ver\u00e3o<\/span><\/h2>\n<h3><span style=\"font-weight: 400;\">Chapada dos Veadeiros, GO<\/span><\/h3>\n<p><img decoding=\"async\" class=\"alignnone wp-image-2885\" src=\"http:\/\/carbocampers.com.br\/wp-content\/uploads\/2023\/12\/chapada-dos-veadeiros-300x198.png\" alt=\"\" width=\"420\" height=\"277\" srcset=\"https:\/\/carbocampers.com.br\/wp-content\/uploads\/2023\/12\/chapada-dos-veadeiros-300x198.png 300w, https:\/\/carbocampers.com.br\/wp-content\/uploads\/2023\/12\/chapada-dos-veadeiros-18x12.png 18w, https:\/\/carbocampers.com.br\/wp-content\/uploads\/2023\/12\/chapada-dos-veadeiros.png 731w\" sizes=\"(max-width: 420px) 100vw, 420px\" \/><\/p>\n<p><span style=\"font-weight: 400;\">A Chapada dos Veadeiros \u00e9 uma regi\u00e3o de grande beleza natural, localizada no estado de Goi\u00e1s, no centro do Brasil. \u00c9 reconhecida como Patrim\u00f4nio Mundial Natural pela UNESCO devido \u00e0 sua biodiversidade \u00fanica, com paisagens deslumbrantes e cachoeiras espetaculares.&nbsp;<\/span><\/p>\n<p><span style=\"font-weight: 400;\">Esse destino \u00e9 um para\u00edso para os amantes de trilhas e caminhadas. Al\u00e9m disso, existem diversas trilhas que levam a pontos de vista deslumbrantes, c\u00e2nions e forma\u00e7\u00f5es rochosas \u00fanicas, como o Vale da Lua.<\/span><\/p>\n<h3><span style=\"font-weight: 400;\">Jalap\u00e3o, TO<\/span><\/h3>\n<p><img decoding=\"async\" class=\"alignnone wp-image-2886\" src=\"http:\/\/carbocampers.com.br\/wp-content\/uploads\/2023\/12\/jalapao-300x276.png\" alt=\"\" width=\"407\" height=\"375\" srcset=\"https:\/\/carbocampers.com.br\/wp-content\/uploads\/2023\/12\/jalapao-300x276.png 300w, https:\/\/carbocampers.com.br\/wp-content\/uploads\/2023\/12\/jalapao-13x12.png 13w, https:\/\/carbocampers.com.br\/wp-content\/uploads\/2023\/12\/jalapao.png 665w\" sizes=\"(max-width: 407px) 100vw, 407px\" \/><\/p>\n<p><span style=\"font-weight: 400;\">O Jalap\u00e3o \u00e9 um destino perfeito para quem procura uma experi\u00eancia na natureza, aventuras emocionantes e uma imers\u00e3o na cultura local. Al\u00e9m disso, suas paisagens paradis\u00edacas tornam este destino um dos mais disputados pelos turistas.<\/span><\/p>\n<p><span style=\"font-weight: 400;\">Um dos nossos clientes, o fot\u00f3grafo e apaixonado por aventuras, Adailton Monteiro, foi um dos primeiros a fazer uma viagem de carro com o nosso trailer TX2. Ele, que coleciona milhares de experi\u00eancias na estrada, tem a viagem ao Jalap\u00e3o como uma das mais inesquec\u00edveis.<\/span><\/p>\n<p><span style=\"font-weight: 400;\">Leia tamb\u00e9m: <\/span><a href=\"https:\/\/carbocampers.com.br\/es\/blog\/viagem-de-carro\/\"><span style=\"font-weight: 400;\">Viagem de Carro: Fot\u00f3grafo Conhece o Jalap\u00e3o a Bordo do Trailer TX2<\/span><\/a><\/p>\n<h2><span style=\"font-weight: 400;\">Viagem off road no ver\u00e3o: A melhor escolha para sua aventura<\/span><\/h2>\n<p><span style=\"font-weight: 400;\">Na sua viagem de ver\u00e3o, v\u00e1 de Carbo Campers.&nbsp;<\/span><\/p>\n<p><span style=\"font-weight: 400;\">Seja no asfalto ou na estrada de ch\u00e3o, nossos trailers foram projetados para que voc\u00ea possa explorar qualquer destino.<\/span><\/p>\n<p><span style=\"font-weight: 400;\">Al\u00e9m disso, voc\u00ea pode conhecer os lugares mais incr\u00edveis e ainda contar com a seguran\u00e7a e o conforto de um hotel sobre rodas.<\/span><\/p>\n<p><span style=\"font-weight: 400;\">Ent\u00e3o, que tal dar o primeiro passo para realizar o sonho das f\u00e9rias perfeitas?<\/span><\/p>\n<p><a class=\"fasc-button fasc-size-medium fasc-type-flat\" style=\"background-color: #33809e; color: #ffffff;\" href=\"https:\/\/carbocampers.com.br\/es\/ferias-de-verao-carbo-campers\/\">PE\u00c7A UM OR\u00c7AMENTO<\/a><\/p>","protected":false},"excerpt":{"rendered":"<p><span class=\"span-reading-time rt-reading-time\" style=\"display: block;\"><span class=\"rt-label rt-prefix\"><b>Tempo de Leitura:<\/b><\/span> <span class=\"rt-time\"> 3<\/span> <span class=\"rt-label rt-postfix\">minutos. <br \/><\/span><\/span>Sabemos como \u00e9 especial planejar uma viagem off road no ver\u00e3o. Afinal, nada melhor do que pegar a estrada para conhecer belas praias, trilhas e cachoeiras, certo? Al\u00e9m disso, \u00e9 o melhor momento para tirar aquele sonho antigo do papel e viver uma aventura totalmente diferente para come\u00e7ar o ano com as melhores lembran\u00e7as. Assim, [&hellip;]<\/p>","protected":false},"author":11,"featured_media":2887,"comment_status":"open","ping_status":"open","sticky":false,"template":"","format":"standard","meta":{"footnotes":""},"categories":[29],"tags":[],"class_list":["post-2883","post","type-post","status-publish","format-standard","has-post-thumbnail","hentry","category-trailer-off-road"],"yoast_head":"<!-- This site is optimized with the Yoast SEO plugin v25.8 - https:\/\/yoast.com\/wordpress\/plugins\/seo\/ -->\n<title>Viagem off road no ver\u00e3o: planeje um trajeto incr\u00edvel - Carbo Campers<\/title>\n<meta name=\"description\" content=\"Confira as dicas que compartilhamos sobre como planejar uma viagem off road no ver\u00e3o e aproveitar ao m\u00e1ximo suas f\u00e9rias.\" \/>\n<meta name=\"robots\" content=\"index, follow, max-snippet:-1, max-image-preview:large, max-video-preview:-1\" \/>\n<link rel=\"canonical\" href=\"https:\/\/carbocampers.com.br\/es\/blog\/viagem-off-road-no-verao-como-planejar-um-trajeto-incrivel\/\" \/>\n<meta property=\"og:locale\" content=\"es_ES\" \/>\n<meta property=\"og:type\" content=\"article\" \/>\n<meta property=\"og:title\" content=\"Viagem off road no ver\u00e3o: planeje um trajeto incr\u00edvel - Carbo Campers\" \/>\n<meta property=\"og:description\" content=\"Confira as dicas que compartilhamos sobre como planejar uma viagem off road no ver\u00e3o e aproveitar ao m\u00e1ximo suas f\u00e9rias.\" \/>\n<meta property=\"og:url\" content=\"https:\/\/carbocampers.com.br\/es\/blog\/viagem-off-road-no-verao-como-planejar-um-trajeto-incrivel\/\" \/>\n<meta property=\"og:site_name\" content=\"Carbo Campers\" \/>\n<meta property=\"article:publisher\" content=\"https:\/\/www.facebook.com\/carbocampers\" \/>\n<meta property=\"article:published_time\" content=\"2023-12-14T20:02:26+00:00\" \/>\n<meta property=\"article:modified_time\" content=\"2025-02-10T19:00:58+00:00\" \/>\n<meta property=\"og:image\" content=\"http:\/\/carbocampers.com.br\/wp-content\/uploads\/2023\/12\/couple-on-hiking-trip-in-nature-2023-11-27-05-08-33-utc-1-scaled.jpg\" \/>\n\t<meta property=\"og:image:width\" content=\"2560\" \/>\n\t<meta property=\"og:image:height\" content=\"1707\" \/>\n\t<meta property=\"og:image:type\" content=\"image\/jpeg\" \/>\n<meta name=\"author\" content=\"Heloisa\" \/>\n<meta name=\"twitter:card\" content=\"summary_large_image\" \/>\n<meta name=\"twitter:label1\" content=\"Escrito por\" \/>\n\t<meta name=\"twitter:data1\" content=\"Heloisa\" \/>\n\t<meta name=\"twitter:label2\" content=\"Tiempo de lectura\" \/>\n\t<meta name=\"twitter:data2\" content=\"5 minutos\" \/>\n<script type=\"application\/ld+json\" class=\"yoast-schema-graph\">{\"@context\":\"https:\/\/schema.org\",\"@graph\":[{\"@type\":\"Article\",\"@id\":\"https:\/\/carbocampers.com.br\/blog\/viagem-off-road-no-verao-como-planejar-um-trajeto-incrivel\/#article\",\"isPartOf\":{\"@id\":\"https:\/\/carbocampers.com.br\/blog\/viagem-off-road-no-verao-como-planejar-um-trajeto-incrivel\/\"},\"author\":{\"name\":\"Heloisa\",\"@id\":\"https:\/\/carbocampers.com.br\/#\/schema\/person\/02b348d26ddd3563d674f9c61bd6dc3b\"},\"headline\":\"Viagem off road no ver\u00e3o: planeje um trajeto incr\u00edvel\",\"datePublished\":\"2023-12-14T20:02:26+00:00\",\"dateModified\":\"2025-02-10T19:00:58+00:00\",\"mainEntityOfPage\":{\"@id\":\"https:\/\/carbocampers.com.br\/blog\/viagem-off-road-no-verao-como-planejar-um-trajeto-incrivel\/\"},\"wordCount\":815,\"commentCount\":0,\"publisher\":{\"@id\":\"https:\/\/carbocampers.com.br\/#organization\"},\"image\":{\"@id\":\"https:\/\/carbocampers.com.br\/blog\/viagem-off-road-no-verao-como-planejar-um-trajeto-incrivel\/#primaryimage\"},\"thumbnailUrl\":\"https:\/\/carbocampers.com.br\/wp-content\/uploads\/2023\/12\/couple-on-hiking-trip-in-nature-2023-11-27-05-08-33-utc-1-scaled.jpg\",\"articleSection\":[\"Trailer Off Road\"],\"inLanguage\":\"es\",\"potentialAction\":[{\"@type\":\"CommentAction\",\"name\":\"Comment\",\"target\":[\"https:\/\/carbocampers.com.br\/blog\/viagem-off-road-no-verao-como-planejar-um-trajeto-incrivel\/#respond\"]}]},{\"@type\":\"WebPage\",\"@id\":\"https:\/\/carbocampers.com.br\/blog\/viagem-off-road-no-verao-como-planejar-um-trajeto-incrivel\/\",\"url\":\"https:\/\/carbocampers.com.br\/blog\/viagem-off-road-no-verao-como-planejar-um-trajeto-incrivel\/\",\"name\":\"Viagem off road no ver\u00e3o: planeje um trajeto incr\u00edvel - Carbo Campers\",\"isPartOf\":{\"@id\":\"https:\/\/carbocampers.com.br\/#website\"},\"primaryImageOfPage\":{\"@id\":\"https:\/\/carbocampers.com.br\/blog\/viagem-off-road-no-verao-como-planejar-um-trajeto-incrivel\/#primaryimage\"},\"image\":{\"@id\":\"https:\/\/carbocampers.com.br\/blog\/viagem-off-road-no-verao-como-planejar-um-trajeto-incrivel\/#primaryimage\"},\"thumbnailUrl\":\"https:\/\/carbocampers.com.br\/wp-content\/uploads\/2023\/12\/couple-on-hiking-trip-in-nature-2023-11-27-05-08-33-utc-1-scaled.jpg\",\"datePublished\":\"2023-12-14T20:02:26+00:00\",\"dateModified\":\"2025-02-10T19:00:58+00:00\",\"description\":\"Confira as dicas que compartilhamos sobre como planejar uma viagem off road no ver\u00e3o e aproveitar ao m\u00e1ximo suas f\u00e9rias.\",\"breadcrumb\":{\"@id\":\"https:\/\/carbocampers.com.br\/blog\/viagem-off-road-no-verao-como-planejar-um-trajeto-incrivel\/#breadcrumb\"},\"inLanguage\":\"es\",\"potentialAction\":[{\"@type\":\"ReadAction\",\"target\":[\"https:\/\/carbocampers.com.br\/blog\/viagem-off-road-no-verao-como-planejar-um-trajeto-incrivel\/\"]}]},{\"@type\":\"ImageObject\",\"inLanguage\":\"es\",\"@id\":\"https:\/\/carbocampers.com.br\/blog\/viagem-off-road-no-verao-como-planejar-um-trajeto-incrivel\/#primaryimage\",\"url\":\"https:\/\/carbocampers.com.br\/wp-content\/uploads\/2023\/12\/couple-on-hiking-trip-in-nature-2023-11-27-05-08-33-utc-1-scaled.jpg\",\"contentUrl\":\"https:\/\/carbocampers.com.br\/wp-content\/uploads\/2023\/12\/couple-on-hiking-trip-in-nature-2023-11-27-05-08-33-utc-1-scaled.jpg\",\"width\":2560,\"height\":1707,\"caption\":\"viagem off road no ver\u00e3o\"},{\"@type\":\"BreadcrumbList\",\"@id\":\"https:\/\/carbocampers.com.br\/blog\/viagem-off-road-no-verao-como-planejar-um-trajeto-incrivel\/#breadcrumb\",\"itemListElement\":[{\"@type\":\"ListItem\",\"position\":1,\"name\":\"In\u00edcio\",\"item\":\"https:\/\/carbocampers.com.br\/\"},{\"@type\":\"ListItem\",\"position\":2,\"name\":\"Viagem off road no ver\u00e3o: planeje um trajeto incr\u00edvel\"}]},{\"@type\":\"WebSite\",\"@id\":\"https:\/\/carbocampers.com.br\/#website\",\"url\":\"https:\/\/carbocampers.com.br\/\",\"name\":\"Carbo Campers\",\"description\":\"\",\"publisher\":{\"@id\":\"https:\/\/carbocampers.com.br\/#organization\"},\"potentialAction\":[{\"@type\":\"SearchAction\",\"target\":{\"@type\":\"EntryPoint\",\"urlTemplate\":\"https:\/\/carbocampers.com.br\/?s={search_term_string}\"},\"query-input\":{\"@type\":\"PropertyValueSpecification\",\"valueRequired\":true,\"valueName\":\"search_term_string\"}}],\"inLanguage\":\"es\"},{\"@type\":\"Organization\",\"@id\":\"https:\/\/carbocampers.com.br\/#organization\",\"name\":\"Carbo Campers\",\"url\":\"https:\/\/carbocampers.com.br\/\",\"logo\":{\"@type\":\"ImageObject\",\"inLanguage\":\"es\",\"@id\":\"https:\/\/carbocampers.com.br\/#\/schema\/logo\/image\/\",\"url\":\"http:\/\/carbocampers.com.br\/wp-content\/uploads\/2022\/07\/cropped-Carbo-Campers-logo-2-2-220x90-1.png\",\"contentUrl\":\"http:\/\/carbocampers.com.br\/wp-content\/uploads\/2022\/07\/cropped-Carbo-Campers-logo-2-2-220x90-1.png\",\"width\":220,\"height\":90,\"caption\":\"Carbo Campers\"},\"image\":{\"@id\":\"https:\/\/carbocampers.com.br\/#\/schema\/logo\/image\/\"},\"sameAs\":[\"https:\/\/www.facebook.com\/carbocampers\",\"https:\/\/www.instagram.com\/carbocampers\/\"]},{\"@type\":\"Person\",\"@id\":\"https:\/\/carbocampers.com.br\/#\/schema\/person\/02b348d26ddd3563d674f9c61bd6dc3b\",\"name\":\"Heloisa\",\"image\":{\"@type\":\"ImageObject\",\"inLanguage\":\"es\",\"@id\":\"https:\/\/carbocampers.com.br\/#\/schema\/person\/image\/\",\"url\":\"https:\/\/secure.gravatar.com\/avatar\/0be3feae41bdb6720cddf48c2590cabe9941c25e2cb5aa9aea97e50ed8f0ba1c?s=96&d=mm&r=g\",\"contentUrl\":\"https:\/\/secure.gravatar.com\/avatar\/0be3feae41bdb6720cddf48c2590cabe9941c25e2cb5aa9aea97e50ed8f0ba1c?s=96&d=mm&r=g\",\"caption\":\"Heloisa\"},\"url\":\"https:\/\/carbocampers.com.br\/es\/blog\/author\/heloisa\/\"}]}<\/script>\n<!-- \/ Yoast SEO plugin. -->","yoast_head_json":{"title":"Viagem off road no ver\u00e3o: planeje um trajeto incr\u00edvel - Carbo Campers","description":"Confira as dicas que compartilhamos sobre como planejar uma viagem off road no ver\u00e3o e aproveitar ao m\u00e1ximo suas f\u00e9rias.","robots":{"index":"index","follow":"follow","max-snippet":"max-snippet:-1","max-image-preview":"max-image-preview:large","max-video-preview":"max-video-preview:-1"},"canonical":"https:\/\/carbocampers.com.br\/es\/blog\/viagem-off-road-no-verao-como-planejar-um-trajeto-incrivel\/","og_locale":"es_ES","og_type":"article","og_title":"Viagem off road no ver\u00e3o: planeje um trajeto incr\u00edvel - Carbo Campers","og_description":"Confira as dicas que compartilhamos sobre como planejar uma viagem off road no ver\u00e3o e aproveitar ao m\u00e1ximo suas f\u00e9rias.","og_url":"https:\/\/carbocampers.com.br\/es\/blog\/viagem-off-road-no-verao-como-planejar-um-trajeto-incrivel\/","og_site_name":"Carbo Campers","article_publisher":"https:\/\/www.facebook.com\/carbocampers","article_published_time":"2023-12-14T20:02:26+00:00","article_modified_time":"2025-02-10T19:00:58+00:00","og_image":[{"width":2560,"height":1707,"url":"http:\/\/carbocampers.com.br\/wp-content\/uploads\/2023\/12\/couple-on-hiking-trip-in-nature-2023-11-27-05-08-33-utc-1-scaled.jpg","type":"image\/jpeg"}],"author":"Heloisa","twitter_card":"summary_large_image","twitter_misc":{"Escrito por":"Heloisa","Tiempo de lectura":"5 minutos"},"schema":{"@context":"https:\/\/schema.org","@graph":[{"@type":"Article","@id":"https:\/\/carbocampers.com.br\/blog\/viagem-off-road-no-verao-como-planejar-um-trajeto-incrivel\/#article","isPartOf":{"@id":"https:\/\/carbocampers.com.br\/blog\/viagem-off-road-no-verao-como-planejar-um-trajeto-incrivel\/"},"author":{"name":"Heloisa","@id":"https:\/\/carbocampers.com.br\/#\/schema\/person\/02b348d26ddd3563d674f9c61bd6dc3b"},"headline":"Viagem off road no ver\u00e3o: planeje um trajeto incr\u00edvel","datePublished":"2023-12-14T20:02:26+00:00","dateModified":"2025-02-10T19:00:58+00:00","mainEntityOfPage":{"@id":"https:\/\/carbocampers.com.br\/blog\/viagem-off-road-no-verao-como-planejar-um-trajeto-incrivel\/"},"wordCount":815,"commentCount":0,"publisher":{"@id":"https:\/\/carbocampers.com.br\/#organization"},"image":{"@id":"https:\/\/carbocampers.com.br\/blog\/viagem-off-road-no-verao-como-planejar-um-trajeto-incrivel\/#primaryimage"},"thumbnailUrl":"https:\/\/carbocampers.com.br\/wp-content\/uploads\/2023\/12\/couple-on-hiking-trip-in-nature-2023-11-27-05-08-33-utc-1-scaled.jpg","articleSection":["Trailer Off Road"],"inLanguage":"es","potentialAction":[{"@type":"CommentAction","name":"Comment","target":["https:\/\/carbocampers.com.br\/blog\/viagem-off-road-no-verao-como-planejar-um-trajeto-incrivel\/#respond"]}]},{"@type":"WebPage","@id":"https:\/\/carbocampers.com.br\/blog\/viagem-off-road-no-verao-como-planejar-um-trajeto-incrivel\/","url":"https:\/\/carbocampers.com.br\/blog\/viagem-off-road-no-verao-como-planejar-um-trajeto-incrivel\/","name":"Viagem off road no ver\u00e3o: planeje um trajeto incr\u00edvel - Carbo Campers","isPartOf":{"@id":"https:\/\/carbocampers.com.br\/#website"},"primaryImageOfPage":{"@id":"https:\/\/carbocampers.com.br\/blog\/viagem-off-road-no-verao-como-planejar-um-trajeto-incrivel\/#primaryimage"},"image":{"@id":"https:\/\/carbocampers.com.br\/blog\/viagem-off-road-no-verao-como-planejar-um-trajeto-incrivel\/#primaryimage"},"thumbnailUrl":"https:\/\/carbocampers.com.br\/wp-content\/uploads\/2023\/12\/couple-on-hiking-trip-in-nature-2023-11-27-05-08-33-utc-1-scaled.jpg","datePublished":"2023-12-14T20:02:26+00:00","dateModified":"2025-02-10T19:00:58+00:00","description":"Confira as dicas que compartilhamos sobre como planejar uma viagem off road no ver\u00e3o e aproveitar ao m\u00e1ximo suas f\u00e9rias.","breadcrumb":{"@id":"https:\/\/carbocampers.com.br\/blog\/viagem-off-road-no-verao-como-planejar-um-trajeto-incrivel\/#breadcrumb"},"inLanguage":"es","potentialAction":[{"@type":"ReadAction","target":["https:\/\/carbocampers.com.br\/blog\/viagem-off-road-no-verao-como-planejar-um-trajeto-incrivel\/"]}]},{"@type":"ImageObject","inLanguage":"es","@id":"https:\/\/carbocampers.com.br\/blog\/viagem-off-road-no-verao-como-planejar-um-trajeto-incrivel\/#primaryimage","url":"https:\/\/carbocampers.com.br\/wp-content\/uploads\/2023\/12\/couple-on-hiking-trip-in-nature-2023-11-27-05-08-33-utc-1-scaled.jpg","contentUrl":"https:\/\/carbocampers.com.br\/wp-content\/uploads\/2023\/12\/couple-on-hiking-trip-in-nature-2023-11-27-05-08-33-utc-1-scaled.jpg","width":2560,"height":1707,"caption":"viagem off road no ver\u00e3o"},{"@type":"BreadcrumbList","@id":"https:\/\/carbocampers.com.br\/blog\/viagem-off-road-no-verao-como-planejar-um-trajeto-incrivel\/#breadcrumb","itemListElement":[{"@type":"ListItem","position":1,"name":"In\u00edcio","item":"https:\/\/carbocampers.com.br\/"},{"@type":"ListItem","position":2,"name":"Viagem off road no ver\u00e3o: planeje um trajeto incr\u00edvel"}]},{"@type":"WebSite","@id":"https:\/\/carbocampers.com.br\/#website","url":"https:\/\/carbocampers.com.br\/","name":"Carbo Campers","description":"","publisher":{"@id":"https:\/\/carbocampers.com.br\/#organization"},"potentialAction":[{"@type":"SearchAction","target":{"@type":"EntryPoint","urlTemplate":"https:\/\/carbocampers.com.br\/?s={search_term_string}"},"query-input":{"@type":"PropertyValueSpecification","valueRequired":true,"valueName":"search_term_string"}}],"inLanguage":"es"},{"@type":"Organization","@id":"https:\/\/carbocampers.com.br\/#organization","name":"Carbo Campers","url":"https:\/\/carbocampers.com.br\/","logo":{"@type":"ImageObject","inLanguage":"es","@id":"https:\/\/carbocampers.com.br\/#\/schema\/logo\/image\/","url":"http:\/\/carbocampers.com.br\/wp-content\/uploads\/2022\/07\/cropped-Carbo-Campers-logo-2-2-220x90-1.png","contentUrl":"http:\/\/carbocampers.com.br\/wp-content\/uploads\/2022\/07\/cropped-Carbo-Campers-logo-2-2-220x90-1.png","width":220,"height":90,"caption":"Carbo Campers"},"image":{"@id":"https:\/\/carbocampers.com.br\/#\/schema\/logo\/image\/"},"sameAs":["https:\/\/www.facebook.com\/carbocampers","https:\/\/www.instagram.com\/carbocampers\/"]},{"@type":"Person","@id":"https:\/\/carbocampers.com.br\/#\/schema\/person\/02b348d26ddd3563d674f9c61bd6dc3b","name":"Heloisa","image":{"@type":"ImageObject","inLanguage":"es","@id":"https:\/\/carbocampers.com.br\/#\/schema\/person\/image\/","url":"https:\/\/secure.gravatar.com\/avatar\/0be3feae41bdb6720cddf48c2590cabe9941c25e2cb5aa9aea97e50ed8f0ba1c?s=96&d=mm&r=g","contentUrl":"https:\/\/secure.gravatar.com\/avatar\/0be3feae41bdb6720cddf48c2590cabe9941c25e2cb5aa9aea97e50ed8f0ba1c?s=96&d=mm&r=g","caption":"Heloisa"},"url":"https:\/\/carbocampers.com.br\/es\/blog\/author\/heloisa\/"}]}},"_links":{"self":[{"href":"https:\/\/carbocampers.com.br\/es\/wp-json\/wp\/v2\/posts\/2883","targetHints":{"allow":["GET"]}}],"collection":[{"href":"https:\/\/carbocampers.com.br\/es\/wp-json\/wp\/v2\/posts"}],"about":[{"href":"https:\/\/carbocampers.com.br\/es\/wp-json\/wp\/v2\/types\/post"}],"author":[{"embeddable":true,"href":"https:\/\/carbocampers.com.br\/es\/wp-json\/wp\/v2\/users\/11"}],"replies":[{"embeddable":true,"href":"https:\/\/carbocampers.com.br\/es\/wp-json\/wp\/v2\/comments?post=2883"}],"version-history":[{"count":3,"href":"https:\/\/carbocampers.com.br\/es\/wp-json\/wp\/v2\/posts\/2883\/revisions"}],"predecessor-version":[{"id":4229,"href":"https:\/\/carbocampers.com.br\/es\/wp-json\/wp\/v2\/posts\/2883\/revisions\/4229"}],"wp:featuredmedia":[{"embeddable":true,"href":"https:\/\/carbocampers.com.br\/es\/wp-json\/wp\/v2\/media\/2887"}],"wp:attachment":[{"href":"https:\/\/carbocampers.com.br\/es\/wp-json\/wp\/v2\/media?parent=2883"}],"wp:term":[{"taxonomy":"category","embeddable":true,"href":"https:\/\/carbocampers.com.br\/es\/wp-json\/wp\/v2\/categories?post=2883"},{"taxonomy":"post_tag","embeddable":true,"href":"https:\/\/carbocampers.com.br\/es\/wp-json\/wp\/v2\/tags?post=2883"}],"curies":[{"name":"wp","href":"https:\/\/api.w.org\/{rel}","templated":true}]}}