{"id":2935,"date":"2024-01-11T17:39:13","date_gmt":"2024-01-11T20:39:13","guid":{"rendered":"https:\/\/carbocampers.com.br\/?p=2935"},"modified":"2025-02-10T15:58:16","modified_gmt":"2025-02-10T18:58:16","slug":"estilo-de-vida-off-road","status":"publish","type":"post","link":"https:\/\/carbocampers.com.br\/es\/blog\/estilo-de-vida-off-road\/","title":{"rendered":"Inicie o ano com um estilo de vida off road"},"content":{"rendered":"<span class=\"span-reading-time rt-reading-time\" style=\"display: block;\"><span class=\"rt-label rt-prefix\"><b>Tempo de Leitura:<\/b><\/span> <span class=\"rt-time\"> 6<\/span> <span class=\"rt-label rt-postfix\">minutos. <br><\/span><\/span><p><span style=\"font-weight: 400;\">Para come\u00e7ar 2024 com o \u201cp\u00e9 direito\u201d, nada melhor do que adotar um <\/span><b>estilo de vida off road<\/b><span style=\"font-weight: 400;\">, explorando lugares novos com um trailer Carbo Campers.<\/span><\/p>\n<p><span style=\"font-weight: 400;\">Afinal, quando voc\u00ea decide curtir uma boa viagem sobre rodas, n\u00e3o h\u00e1 necessidade de correr, apenas diminuir o ritmo e aproveitar os momentos e novas experi\u00eancias que, com certeza, ser\u00e3o inesquec\u00edveis.&nbsp;<\/span><\/p>\n<p><span style=\"font-weight: 400;\">Al\u00e9m disso, com um trailer bem equipado, voc\u00ea pode visitar e acampar confortavelmente em lugares pouco explorados, viajar com seguran\u00e7a, ficar sob um c\u00e9u estrelado, desfrutar do ar puro e conhecer parques, praias e cachoeiras sem pressa.<\/span><\/p>\n<p><span style=\"font-weight: 400;\">Se esse \u00e9 o seu desejo para o ano que se aproxima, trouxemos as melhores dicas para voc\u00ea adotar um <\/span><b>estilo de vida off road<\/b><span style=\"font-weight: 400;\">, totalmente conectado com a natureza.<\/span><\/p>\n<p><span style=\"font-weight: 400;\">Embarque com a gente nesse artigo!&nbsp;<\/span><\/p>\n<h2><span style=\"font-weight: 400;\">Dicas Para um Estilo de Vida Off Road<\/span><\/h2>\n<h3><span style=\"font-weight: 400;\">1. Viaje de Trailer<\/span><\/h3>\n<p><span style=\"font-weight: 400;\">O trailer \u00e9 a escolha perfeita para as fam\u00edlias viajarem com seguran\u00e7a e comodidade nas f\u00e9rias e iniciarem bem o ano.&nbsp;<\/span><\/p>\n<p><span style=\"font-weight: 400;\">Com um ve\u00edculo mobiliado e equipado, \u00e9 poss\u00edvel manter todas as atividades di\u00e1rias sem esfor\u00e7os, como fazer as refei\u00e7\u00f5es, tomar um bom banho, e dormir confortavelmente, pois tudo est\u00e1 facilmente ao seu alcance.&nbsp;<\/span><\/p>\n<p><span style=\"font-weight: 400;\">Al\u00e9m disso, voc\u00ea n\u00e3o precisa deixar nada que ama para tr\u00e1s, isso inclui o seu animal de estima\u00e7\u00e3o.<\/span><\/p>\n<p><img fetchpriority=\"high\" decoding=\"async\" class=\"alignnone wp-image-2936\" src=\"http:\/\/carbocampers.com.br\/wp-content\/uploads\/2024\/01\/trailer-off-road-carbo-campers-300x274.png\" alt=\"\" width=\"400\" height=\"365\" srcset=\"https:\/\/carbocampers.com.br\/wp-content\/uploads\/2024\/01\/trailer-off-road-carbo-campers-300x274.png 300w, https:\/\/carbocampers.com.br\/wp-content\/uploads\/2024\/01\/trailer-off-road-carbo-campers-13x12.png 13w, https:\/\/carbocampers.com.br\/wp-content\/uploads\/2024\/01\/trailer-off-road-carbo-campers.png 591w\" sizes=\"(max-width: 400px) 100vw, 400px\" \/><\/p>\n<p><span style=\"font-weight: 400;\">Com o TX4 da Carbo Campers voc\u00ea pode se aventurar com mais conforto este ver\u00e3o<\/span><\/p>\n<h3><span style=\"font-weight: 400;\">2. Aposte nas F\u00e9rias de Ver\u00e3o<\/span><\/h3>\n<p><span style=\"font-weight: 400;\">O ver\u00e3o tem tudo a ver com divers\u00e3o e atividades ao ar livre. Sendo assim, \u00e9 a melhor \u00e9poca do ano para experimentar o verdadeiro estilo de vida off road.&nbsp;<\/span><\/p>\n<p><span style=\"font-weight: 400;\">Afinal, \u00e9 quando acontece a maior parte dos festivais ao ar livre e festas na praia. Al\u00e9m disso, \u00e9 o momento prop\u00edcio para conhecer lindas trilhas com seus filhos ou apreciar a paisagem deslumbrante das montanhas.<\/span><\/p>\n<p><span style=\"font-weight: 400;\">Al\u00e9m disso, durante \u00e0 noite, preparar um jantar \u00e0 beira da fogueira com certeza criar\u00e1 mem\u00f3rias inesquec\u00edveis.&nbsp;<\/span><\/p>\n<h3><span style=\"font-weight: 400;\">3. Fa\u00e7a um Bom Planejamento<\/span><\/h3>\n<p><span style=\"font-weight: 400;\">Por fim, um bom planejamento \u00e9 essencial para evitar imprevistos ou emerg\u00eancias.&nbsp;<\/span><\/p>\n<p><span style=\"font-weight: 400;\">Portanto, nossa dica \u00e9 que voc\u00ea fa\u00e7a um <\/span><i><span style=\"font-weight: 400;\">checklist<\/span><\/i><span style=\"font-weight: 400;\"> de tudo que precisar\u00e1 para viver as f\u00e9rias de ver\u00e3o perfeitas ao ar livre. Antes de sair de casa, consulte a listagem e certifique-se de que n\u00e3o deixou nada para tr\u00e1s.<\/span><\/p>\n<p><span style=\"font-weight: 400;\">Al\u00e9m disso, estude a estrada que voc\u00ea pretende percorrer, especialmente se for viajar com crian\u00e7as.&nbsp;<\/span><\/p>\n<p><span style=\"font-weight: 400;\">Assim, se ele for muito longo, voc\u00ea poder\u00e1 dividi-lo em alguns dias, parando em campings de alta qualidade, que oferecem toda a estrutura necess\u00e1ria para descansar.&nbsp;<\/span><\/p>\n<p><span style=\"font-weight: 400;\">Por fim, verifique onde ficam os melhores postos de gasolina, restaurantes, paradouros e tenha o contato de um mec\u00e2nico de confian\u00e7a.&nbsp;<\/span><\/p>\n<h2><span style=\"font-weight: 400;\">Vantagens e Benef\u00edcios de Viajar de Carbo Campers nas F\u00e9rias<\/span><\/h2>\n<ul>\n<li style=\"font-weight: 400;\" aria-level=\"1\"><span style=\"font-weight: 400;\">Liberdade para conhecer in\u00fameros lugar ao ar livre, como praias, cachoeiras, trilhas, montanhas, e muito mais<\/span><\/li>\n<li style=\"font-weight: 400;\" aria-level=\"1\"><span style=\"font-weight: 400;\">Conex\u00e3o com a natureza<\/span><\/li>\n<li style=\"font-weight: 400;\" aria-level=\"1\"><span style=\"font-weight: 400;\">Flexibilidade para parar em locais e em hor\u00e1rios que preferir<\/span><\/li>\n<li style=\"font-weight: 400;\" aria-level=\"1\"><span style=\"font-weight: 400;\">Cole\u00e7\u00e3o de mem\u00f3rias em fam\u00edlia<\/span><\/li>\n<li style=\"font-weight: 400;\" aria-level=\"1\"><span style=\"font-weight: 400;\">Conforto e versatilidade<\/span><\/li>\n<li style=\"font-weight: 400;\" aria-level=\"1\"><span style=\"font-weight: 400;\">Oportunidade de conhecer novas pessoas e culturas diferentes<\/span><\/li>\n<li style=\"font-weight: 400;\" aria-level=\"1\"><span style=\"font-weight: 400;\">Possibilidade de levar seu bichinho de estima\u00e7\u00e3o para as aventuras<\/span><\/li>\n<li style=\"font-weight: 400;\" aria-level=\"1\"><span style=\"font-weight: 400;\">Estrutura totalmente equipada, com o conforto de casa, s\u00f3 que sob rodas<\/span><\/li>\n<li style=\"font-weight: 400;\" aria-level=\"1\"><span style=\"font-weight: 400;\">Com a Carbo Campers, por exemplo, voc\u00ea pode ter diferentes layouts de ve\u00edculos para atender \u00e0s suas necessidades de viagem<\/span><\/li>\n<li style=\"font-weight: 400;\" aria-level=\"1\"><span style=\"font-weight: 400;\">Itens e servi\u00e7os adicionais para uma viagem personalizada<\/span><\/li>\n<li style=\"font-weight: 400;\" aria-level=\"1\"><span style=\"font-weight: 400;\">Arm\u00e1rios e grande armazenamento adicional para toda a sua bagagem<\/span><\/li>\n<\/ul>\n<h2><span style=\"font-weight: 400;\">Melhores Destinos para o In\u00edcio do Ano<\/span><\/h2>\n<p><span style=\"font-weight: 400;\">Temporada de ver\u00e3o, clima de f\u00e9rias e muitas possibilidades para desbravar o nosso pa\u00eds com o trailer.&nbsp;<\/span><\/p>\n<p><span style=\"font-weight: 400;\">Aqui, temos o privil\u00e9gio de rodar pelo litoral, interior, grandes metr\u00f3poles ou at\u00e9 pantanal.&nbsp;<\/span><\/p>\n<p><span style=\"font-weight: 400;\">Confira algumas dicas de destinos brasileiros e fa\u00e7a a sua escolha!<\/span><\/p>\n<h3><span style=\"font-weight: 400;\">Regi\u00e3o Norte:&nbsp;<\/span><\/h3>\n<p><span style=\"font-weight: 400;\">A regi\u00e3o Norte do Brasil \u00e9 cheia de paisagens que enchem os olhos! Afinal, entre rios, montanhas e parques ecol\u00f3gicos, voc\u00ea tem uma vasta op\u00e7\u00e3o para chegar com o seu trailer:<\/span><\/p>\n<p><img decoding=\"async\" class=\"alignnone wp-image-2937\" src=\"http:\/\/carbocampers.com.br\/wp-content\/uploads\/2024\/01\/carbo-campers-300x163.png\" alt=\"\" width=\"427\" height=\"232\" srcset=\"https:\/\/carbocampers.com.br\/wp-content\/uploads\/2024\/01\/carbo-campers-300x163.png 300w, https:\/\/carbocampers.com.br\/wp-content\/uploads\/2024\/01\/carbo-campers-18x10.png 18w, https:\/\/carbocampers.com.br\/wp-content\/uploads\/2024\/01\/carbo-campers.png 597w\" sizes=\"(max-width: 427px) 100vw, 427px\" \/><\/p>\n<p><span style=\"font-weight: 400;\">Parque Nacional de Anavilhanas \u2013 Amazonas<\/span><\/p>\n<ul>\n<li style=\"font-weight: 400;\" aria-level=\"1\"><span style=\"font-weight: 400;\">Encontro das \u00e1guas \u2013 Amazonas<\/span><\/li>\n<li style=\"font-weight: 400;\" aria-level=\"1\"><span style=\"font-weight: 400;\">Teatro Amazonas \u2013 Amazonas<\/span><\/li>\n<li style=\"font-weight: 400;\" aria-level=\"1\"><span style=\"font-weight: 400;\">Parque Nacional de Anavilhanas \u2013 Amazonas<\/span><\/li>\n<li style=\"font-weight: 400;\" aria-level=\"1\"><span style=\"font-weight: 400;\">Parque do Jalap\u00e3o \u2013 Tocantins<\/span><\/li>\n<li style=\"font-weight: 400;\" aria-level=\"1\"><span style=\"font-weight: 400;\">Alter do Ch\u00e3o \u2013 Par\u00e1<\/span><\/li>\n<li style=\"font-weight: 400;\" aria-level=\"1\"><span style=\"font-weight: 400;\">Monte Roraima \u2013 Roraima<\/span><\/li>\n<li style=\"font-weight: 400;\" aria-level=\"1\"><span style=\"font-weight: 400;\">Ilha do Bananal \u2013 Tocantins<\/span><\/li>\n<li style=\"font-weight: 400;\" aria-level=\"1\"><span style=\"font-weight: 400;\">Rio Madeira \u2013 Rond\u00f4nia<\/span><\/li>\n<li style=\"font-weight: 400;\" aria-level=\"1\"><span style=\"font-weight: 400;\">Trilha da Sama\u00fama \u2013 Amap\u00e1<\/span><\/li>\n<li style=\"font-weight: 400;\" aria-level=\"1\"><span style=\"font-weight: 400;\">Fortaleza de S\u00e3o Jos\u00e9 de Macap\u00e1 \u2013 Amap\u00e1&nbsp;&nbsp;<\/span><\/li>\n<\/ul>\n<h3><span style=\"font-weight: 400;\">Regi\u00e3o Nordeste:<\/span><\/h3>\n<p><span style=\"font-weight: 400;\">Conhecida pelas suas praias paradis\u00edacas, a regi\u00e3o nordeste tem muitos destinos maravilhosos para conhecer, marcados pela cultura e culin\u00e1ria forte:<\/span><\/p>\n<p><img decoding=\"async\" class=\"alignnone wp-image-2938\" src=\"http:\/\/carbocampers.com.br\/wp-content\/uploads\/2024\/01\/nordeste-300x154.png\" alt=\"\" width=\"423\" height=\"217\" srcset=\"https:\/\/carbocampers.com.br\/wp-content\/uploads\/2024\/01\/nordeste-300x154.png 300w, https:\/\/carbocampers.com.br\/wp-content\/uploads\/2024\/01\/nordeste-18x9.png 18w, https:\/\/carbocampers.com.br\/wp-content\/uploads\/2024\/01\/nordeste.png 593w\" sizes=\"(max-width: 423px) 100vw, 423px\" \/><\/p>\n<p><span style=\"font-weight: 400;\">Praia de Jericoacoara &#8211; Cear\u00e1<\/span><\/p>\n<ul>\n<li style=\"font-weight: 400;\" aria-level=\"1\"><span style=\"font-weight: 400;\">Chapada Diamantina &#8211; Bahia<\/span><\/li>\n<li style=\"font-weight: 400;\" aria-level=\"1\"><span style=\"font-weight: 400;\">Barra Grande (Pen\u00ednsula de Mara\u00fa) &#8211; Bahia<\/span><\/li>\n<li style=\"font-weight: 400;\" aria-level=\"1\"><span style=\"font-weight: 400;\">Praia do Forte (Mata de S\u00e3o Jo\u00e3o) &#8211; Bahia<\/span><\/li>\n<li style=\"font-weight: 400;\" aria-level=\"1\"><span style=\"font-weight: 400;\">Arraial D\u2019Ajuda &#8211; Bahia<\/span><\/li>\n<li style=\"font-weight: 400;\" aria-level=\"1\"><span style=\"font-weight: 400;\">Len\u00e7\u00f3is Maranhenses &#8211; Maranh\u00e3o<\/span><\/li>\n<li style=\"font-weight: 400;\" aria-level=\"1\"><span style=\"font-weight: 400;\">Praias de Jo\u00e3o Pessoa &#8211; Para\u00edba<\/span><\/li>\n<li style=\"font-weight: 400;\" aria-level=\"1\"><span style=\"font-weight: 400;\">Praia de Jericoacoara &#8211; Cear\u00e1<\/span><\/li>\n<li style=\"font-weight: 400;\" aria-level=\"1\"><span style=\"font-weight: 400;\">Porto de Galinhas &#8211; Pernambuco&nbsp;<\/span><\/li>\n<li style=\"font-weight: 400;\" aria-level=\"1\"><span style=\"font-weight: 400;\">Praia da Pipa &#8211; Rio Grande do Norte<\/span><\/li>\n<li style=\"font-weight: 400;\" aria-level=\"1\"><span style=\"font-weight: 400;\">Praias de Aracaju &#8211; Sergipe<\/span><\/li>\n<\/ul>\n<h3><span style=\"font-weight: 400;\">Centro-Oeste:<\/span><\/h3>\n<p><span style=\"font-weight: 400;\">Se voc\u00ea tem desejo de conhecer fazendas, pantanal e conhecer animais t\u00edpicos da fauna brasileira, a regi\u00e3o certa para ir de trailer \u00e9 o Centro-Oeste. Confira alguns destinos:<\/span><\/p>\n<p><img loading=\"lazy\" decoding=\"async\" class=\"alignnone wp-image-2939\" src=\"http:\/\/carbocampers.com.br\/wp-content\/uploads\/2024\/01\/centro-oeste-300x205.png\" alt=\"\" width=\"436\" height=\"298\" srcset=\"https:\/\/carbocampers.com.br\/wp-content\/uploads\/2024\/01\/centro-oeste-300x205.png 300w, https:\/\/carbocampers.com.br\/wp-content\/uploads\/2024\/01\/centro-oeste-18x12.png 18w, https:\/\/carbocampers.com.br\/wp-content\/uploads\/2024\/01\/centro-oeste.png 594w\" sizes=\"(max-width: 436px) 100vw, 436px\" \/><\/p>\n<p><span style=\"font-weight: 400;\">Chapada dos Veadeiros &#8211; Goi\u00e1s<\/span><\/p>\n<ul>\n<li style=\"font-weight: 400;\" aria-level=\"1\"><span style=\"font-weight: 400;\">Parque das Na\u00e7\u00f5es Ind\u00edgenas &#8211; Campo Grande<\/span><\/li>\n<li style=\"font-weight: 400;\" aria-level=\"1\"><span style=\"font-weight: 400;\">Parques Aqu\u00e1ticos e Tem\u00e1ticos em Caldas Novas &#8211; Goi\u00e1s<\/span><\/li>\n<li style=\"font-weight: 400;\" aria-level=\"1\"><span style=\"font-weight: 400;\">An\u00e1polis &#8211; Goi\u00e1s<\/span><\/li>\n<li style=\"font-weight: 400;\" aria-level=\"1\"><span style=\"font-weight: 400;\">Cachoeira do Ros\u00e1rio em Piren\u00f3polis &#8211; Goi\u00e1s<\/span><\/li>\n<li style=\"font-weight: 400;\" aria-level=\"1\"><span style=\"font-weight: 400;\">Cachoeira Loquinhas em Alto Para\u00edso &#8211; Goi\u00e1s<\/span><\/li>\n<li style=\"font-weight: 400;\" aria-level=\"1\"><span style=\"font-weight: 400;\">Chapada dos Veadeiros &#8211; Goi\u00e1s<\/span><\/li>\n<li style=\"font-weight: 400;\" aria-level=\"1\"><span style=\"font-weight: 400;\">Gruta do Lago Azul e Gruta de S\u00e3o Miguel &#8211; Mato Grosso do Sul<\/span><\/li>\n<li style=\"font-weight: 400;\" aria-level=\"1\"><span style=\"font-weight: 400;\">Rio Triste e o Aqu\u00e1rio Encantado &#8211; Mato Grosso do Sul<\/span><\/li>\n<li style=\"font-weight: 400;\" aria-level=\"1\"><span style=\"font-weight: 400;\">Estrada do Parque do Pantanal em Corumb\u00e1 &#8211; Mato Grosso do Sul<\/span><\/li>\n<li style=\"font-weight: 400;\" aria-level=\"1\"><span style=\"font-weight: 400;\">Esta\u00e7\u00e3o Ecol\u00f3gica de Taiam\u00e3 &#8211; Mato Grosso<\/span><\/li>\n<li style=\"font-weight: 400;\" aria-level=\"1\"><span style=\"font-weight: 400;\">Parque Ecol\u00f3gico \u00c1guas Claras &#8211; Distrito Federal<\/span><\/li>\n<\/ul>\n<h3><span style=\"font-weight: 400;\">Sudeste:<\/span><\/h3>\n<p><span style=\"font-weight: 400;\">A regi\u00e3o sudeste tamb\u00e9m \u00e9 cheia de atrativos ao ar livre. Al\u00e9m disso, voc\u00ea pode visitar montanhas, vales e campos muito belos, al\u00e9m de desfrutar do agito de grandes metr\u00f3poles:<\/span><\/p>\n<p><img loading=\"lazy\" decoding=\"async\" class=\"alignnone wp-image-2940\" src=\"http:\/\/carbocampers.com.br\/wp-content\/uploads\/2024\/01\/rio-de-janeiro-300x166.png\" alt=\"\" width=\"417\" height=\"231\" srcset=\"https:\/\/carbocampers.com.br\/wp-content\/uploads\/2024\/01\/rio-de-janeiro-300x166.png 300w, https:\/\/carbocampers.com.br\/wp-content\/uploads\/2024\/01\/rio-de-janeiro-18x10.png 18w, https:\/\/carbocampers.com.br\/wp-content\/uploads\/2024\/01\/rio-de-janeiro.png 592w\" sizes=\"(max-width: 417px) 100vw, 417px\" \/><\/p>\n<p><span style=\"font-weight: 400;\">O Cristo Redentor (RJ) \u00e9 uma das sete maravilhas do mundo<\/span><\/p>\n<ul>\n<li style=\"font-weight: 400;\" aria-level=\"1\"><span style=\"font-weight: 400;\">Morro da Urca &#8211; Rio de Janeiro<\/span><\/li>\n<li style=\"font-weight: 400;\" aria-level=\"1\"><span style=\"font-weight: 400;\">Parque Nacional da Tijuca &#8211; Rio de Janeiro<\/span><\/li>\n<li style=\"font-weight: 400;\" aria-level=\"1\"><span style=\"font-weight: 400;\">Serra da Mantiqueira &#8211; Rio de Janeiro<\/span><\/li>\n<li style=\"font-weight: 400;\" aria-level=\"1\"><span style=\"font-weight: 400;\">Parque da Independ\u00eancia&nbsp; &#8211; S\u00e3o Paulo<\/span><\/li>\n<li style=\"font-weight: 400;\" aria-level=\"1\"><span style=\"font-weight: 400;\">Parque Estadual da Cantareira &#8211; S\u00e3o Paulo<\/span><\/li>\n<li style=\"font-weight: 400;\" aria-level=\"1\"><span style=\"font-weight: 400;\">Parque Ibirapuera &#8211; S\u00e3o Paulo<\/span><\/li>\n<li style=\"font-weight: 400;\" aria-level=\"1\"><span style=\"font-weight: 400;\">Ilhabela &#8211; S\u00e3o Paulo<\/span><\/li>\n<li style=\"font-weight: 400;\" aria-level=\"1\"><span style=\"font-weight: 400;\">Serra Cantareira &#8211; S\u00e3o Paulo<\/span><\/li>\n<li style=\"font-weight: 400;\" aria-level=\"1\"><span style=\"font-weight: 400;\">Parque Nacional da Serra da Canastra &#8211; Minas Gerais<\/span><\/li>\n<li style=\"font-weight: 400;\" aria-level=\"1\"><span style=\"font-weight: 400;\">Capit\u00f3lio &#8211; Minas Gerais<\/span><\/li>\n<li style=\"font-weight: 400;\" aria-level=\"1\"><span style=\"font-weight: 400;\">Lagoa da Pampulha &#8211; Minas Gerais<\/span><\/li>\n<li style=\"font-weight: 400;\" aria-level=\"1\"><span style=\"font-weight: 400;\">Mirante dos C\u00e2nions &#8211; Minas Gerais<\/span><\/li>\n<li style=\"font-weight: 400;\" aria-level=\"1\"><span style=\"font-weight: 400;\">Estrada Real em Diamantina &#8211; Minas Gerais<\/span><\/li>\n<\/ul>\n<h3><span style=\"font-weight: 400;\">Sul:<\/span><\/h3>\n<p><span style=\"font-weight: 400;\">A regi\u00e3o Sul, onde fica a f\u00e1brica da Carbo Campers, \u00e9 marcada por paisagens lindas e diversificadas, al\u00e9m de uma culin\u00e1ria super atraente. Confira:<\/span><\/p>\n<p><img loading=\"lazy\" decoding=\"async\" class=\"alignnone wp-image-2941\" src=\"http:\/\/carbocampers.com.br\/wp-content\/uploads\/2024\/01\/cataratas-300x190.png\" alt=\"\" width=\"408\" height=\"258\" srcset=\"https:\/\/carbocampers.com.br\/wp-content\/uploads\/2024\/01\/cataratas-300x190.png 300w, https:\/\/carbocampers.com.br\/wp-content\/uploads\/2024\/01\/cataratas-18x12.png 18w, https:\/\/carbocampers.com.br\/wp-content\/uploads\/2024\/01\/cataratas.png 590w\" sizes=\"(max-width: 408px) 100vw, 408px\" \/><\/p>\n<p><span style=\"font-weight: 400;\">As Cataratas do Igua\u00e7u fazem fronteira do Brasil com Argentina<\/span><\/p>\n<ul>\n<li style=\"font-weight: 400;\" aria-level=\"1\"><span style=\"font-weight: 400;\">Cataratas do Igua\u00e7u em Foz do Igua\u00e7u &#8211; Paran\u00e1<\/span><\/li>\n<li style=\"font-weight: 400;\" aria-level=\"1\"><span style=\"font-weight: 400;\">Canyon Guartel\u00e1 &#8211; Paran\u00e1<\/span><\/li>\n<li style=\"font-weight: 400;\" aria-level=\"1\"><span style=\"font-weight: 400;\">Jardim Bot\u00e2nico de Londrina&nbsp; -Paran\u00e1<\/span><\/li>\n<li style=\"font-weight: 400;\" aria-level=\"1\"><span style=\"font-weight: 400;\">Jardim Bot\u00e2nico de Curitiba &#8211; Paran\u00e1<\/span><\/li>\n<li style=\"font-weight: 400;\" aria-level=\"1\"><span style=\"font-weight: 400;\">Serra do Rio do Rastro &#8211; Santa Catarina<\/span><\/li>\n<li style=\"font-weight: 400;\" aria-level=\"1\"><span style=\"font-weight: 400;\">Cachoeira do Avencal &#8211; Santa Catarina<\/span><\/li>\n<li style=\"font-weight: 400;\" aria-level=\"1\"><span style=\"font-weight: 400;\">C\u00e2nion Fortaleza &#8211; Santa Catarina<\/span><\/li>\n<li style=\"font-weight: 400;\" aria-level=\"1\"><span style=\"font-weight: 400;\">Parque Nacional de S\u00e3o Joaquim &#8211; Santa Catarina<\/span><\/li>\n<li style=\"font-weight: 400;\" aria-level=\"1\"><span style=\"font-weight: 400;\">Mirante da Serra do Corvo Branco &#8211; Santa Catarina<\/span><\/li>\n<li style=\"font-weight: 400;\" aria-level=\"1\"><span style=\"font-weight: 400;\">Praias de Florian\u00f3polis e Regi\u00e3o &#8211; Santa Catarina<\/span><\/li>\n<li style=\"font-weight: 400;\" aria-level=\"1\"><span style=\"font-weight: 400;\">Parque Nacional da Serra Geral &#8211; Rio Grande do Sul<\/span><\/li>\n<li style=\"font-weight: 400;\" aria-level=\"1\"><span style=\"font-weight: 400;\">Parque Nacional dos Aparados da Serra &#8211; Rio Grande do Sul<\/span><\/li>\n<li style=\"font-weight: 400;\" aria-level=\"1\"><span style=\"font-weight: 400;\">Parque das Laranjeiras &#8211; Rio Grande do Sul<\/span><\/li>\n<li style=\"font-weight: 400;\" aria-level=\"1\"><span style=\"font-weight: 400;\">Parque Estadual do Tainhas &#8211; Rio Grande do Sul<\/span><\/li>\n<li style=\"font-weight: 400;\" aria-level=\"1\"><span style=\"font-weight: 400;\">Parque Nacional da Lagoa do Peixe &#8211; Rio Grande do Sul<\/span><\/li>\n<li style=\"font-weight: 400;\" aria-level=\"1\"><span style=\"font-weight: 400;\">C\u00e2nion da Piruva &#8211; Rio Grande do Sul<\/span><\/li>\n<li style=\"font-weight: 400;\" aria-level=\"1\"><span style=\"font-weight: 400;\">Trekking na Ferrovia do Trigo &#8211; Rio Grande do Sul&nbsp;<\/span><\/li>\n<li style=\"font-weight: 400;\" aria-level=\"1\"><span style=\"font-weight: 400;\">Parque Salto Ventoso &#8211; Rio Grande do Sul<\/span><\/li>\n<li style=\"font-weight: 400;\" aria-level=\"1\"><span style=\"font-weight: 400;\">Parque Estadual do Caracol &#8211; Rio Grande do Sul<\/span><\/li>\n<li style=\"font-weight: 400;\" aria-level=\"1\"><span style=\"font-weight: 400;\">Maquin\u00e9 &#8211; Rio Grande do Sul<\/span><\/li>\n<li style=\"font-weight: 400;\" aria-level=\"1\"><span style=\"font-weight: 400;\">Cascata da Pedra Branca &#8211; Rio Grande do Sul<\/span><\/li>\n<li style=\"font-weight: 400;\" aria-level=\"1\"><span style=\"font-weight: 400;\">Parque das Cascatas &#8211; Rio Grande do Sul&nbsp;<\/span><\/li>\n<li style=\"font-weight: 400;\" aria-level=\"1\"><span style=\"font-weight: 400;\">Parque Estadual do Turvo &#8211; Rio Grande do Sul<\/span><\/li>\n<\/ul>\n<h2><span style=\"font-weight: 400;\">Comece Agora sua Viagem de Trailer com a Carbo Campers<\/span><\/h2>\n<p><span style=\"font-weight: 400;\">Se voc\u00ea gostou das nossas dicas e quer come\u00e7ar sua viagem t\u00e3o sonhada, temos as op\u00e7\u00f5es perfeitas de acordo com a demanda da sua aventura.&nbsp;<\/span><\/p>\n<p><span style=\"font-weight: 400;\">Por isso, acesse agora o nosso site e conhe\u00e7a detalhes do TX5, um dos nossos modelos de trailer off road ideais para fam\u00edlias.<\/span><\/p>\n<p><a class=\"fasc-button fasc-size-medium fasc-type-flat\" style=\"background-color: #33809e; color: #ffffff;\" href=\"https:\/\/carbocampers.com.br\/es\/tx5-off-road\/\">CONHE\u00c7A O TX5<\/a><\/p>","protected":false},"excerpt":{"rendered":"<p><span class=\"span-reading-time rt-reading-time\" style=\"display: block;\"><span class=\"rt-label rt-prefix\"><b>Tempo de Leitura:<\/b><\/span> <span class=\"rt-time\"> 6<\/span> <span class=\"rt-label rt-postfix\">minutos. <br \/><\/span><\/span>Para come\u00e7ar 2024 com o \u201cp\u00e9 direito\u201d, nada melhor do que adotar um estilo de vida off road, explorando lugares novos com um trailer Carbo Campers. Afinal, quando voc\u00ea decide curtir uma boa viagem sobre rodas, n\u00e3o h\u00e1 necessidade de correr, apenas diminuir o ritmo e aproveitar os momentos e novas experi\u00eancias que, com certeza, [&hellip;]<\/p>","protected":false},"author":11,"featured_media":2942,"comment_status":"open","ping_status":"open","sticky":false,"template":"","format":"standard","meta":{"footnotes":""},"categories":[1],"tags":[14,41,22,11],"class_list":["post-2935","post","type-post","status-publish","format-standard","has-post-thumbnail","hentry","category-sem-categoria","tag-aventuras","tag-carbo-campers","tag-off-road","tag-trailer-australiano"],"yoast_head":"<!-- This site is optimized with the Yoast SEO plugin v25.8 - https:\/\/yoast.com\/wordpress\/plugins\/seo\/ -->\n<title>Inicie o ano com um estilo de vida off road - Carbo Campers<\/title>\n<meta name=\"description\" content=\"Voc\u00ea quer come\u00e7ar o ano com o p\u00e9 direito? Acesse nosso blog e veja as dicas que separamos para quem gosta de um estilo de vida off road.\" \/>\n<meta name=\"robots\" content=\"index, follow, max-snippet:-1, max-image-preview:large, max-video-preview:-1\" \/>\n<link rel=\"canonical\" href=\"https:\/\/carbocampers.com.br\/es\/blog\/estilo-de-vida-off-road\/\" \/>\n<meta property=\"og:locale\" content=\"es_ES\" \/>\n<meta property=\"og:type\" content=\"article\" \/>\n<meta property=\"og:title\" content=\"Inicie o ano com um estilo de vida off road - Carbo Campers\" \/>\n<meta property=\"og:description\" content=\"Voc\u00ea quer come\u00e7ar o ano com o p\u00e9 direito? Acesse nosso blog e veja as dicas que separamos para quem gosta de um estilo de vida off road.\" \/>\n<meta property=\"og:url\" content=\"https:\/\/carbocampers.com.br\/es\/blog\/estilo-de-vida-off-road\/\" \/>\n<meta property=\"og:site_name\" content=\"Carbo Campers\" \/>\n<meta property=\"article:publisher\" content=\"https:\/\/www.facebook.com\/carbocampers\" \/>\n<meta property=\"article:published_time\" content=\"2024-01-11T20:39:13+00:00\" \/>\n<meta property=\"article:modified_time\" content=\"2025-02-10T18:58:16+00:00\" \/>\n<meta property=\"og:image\" content=\"http:\/\/carbocampers.com.br\/wp-content\/uploads\/2024\/01\/what-is-our-next-travel-destination-2023-11-27-05-25-10-utc-scaled.jpg\" \/>\n\t<meta property=\"og:image:width\" content=\"2560\" \/>\n\t<meta property=\"og:image:height\" content=\"1708\" \/>\n\t<meta property=\"og:image:type\" content=\"image\/jpeg\" \/>\n<meta name=\"author\" content=\"Heloisa\" \/>\n<meta name=\"twitter:card\" content=\"summary_large_image\" \/>\n<meta name=\"twitter:label1\" content=\"Escrito por\" \/>\n\t<meta name=\"twitter:data1\" content=\"Heloisa\" \/>\n\t<meta name=\"twitter:label2\" content=\"Tiempo de lectura\" \/>\n\t<meta name=\"twitter:data2\" content=\"9 minutos\" \/>\n<script type=\"application\/ld+json\" class=\"yoast-schema-graph\">{\"@context\":\"https:\/\/schema.org\",\"@graph\":[{\"@type\":\"Article\",\"@id\":\"https:\/\/carbocampers.com.br\/blog\/estilo-de-vida-off-road\/#article\",\"isPartOf\":{\"@id\":\"https:\/\/carbocampers.com.br\/blog\/estilo-de-vida-off-road\/\"},\"author\":{\"name\":\"Heloisa\",\"@id\":\"https:\/\/carbocampers.com.br\/#\/schema\/person\/02b348d26ddd3563d674f9c61bd6dc3b\"},\"headline\":\"Inicie o ano com um estilo de vida off road\",\"datePublished\":\"2024-01-11T20:39:13+00:00\",\"dateModified\":\"2025-02-10T18:58:16+00:00\",\"mainEntityOfPage\":{\"@id\":\"https:\/\/carbocampers.com.br\/blog\/estilo-de-vida-off-road\/\"},\"wordCount\":1439,\"commentCount\":0,\"publisher\":{\"@id\":\"https:\/\/carbocampers.com.br\/#organization\"},\"image\":{\"@id\":\"https:\/\/carbocampers.com.br\/blog\/estilo-de-vida-off-road\/#primaryimage\"},\"thumbnailUrl\":\"https:\/\/carbocampers.com.br\/wp-content\/uploads\/2024\/01\/what-is-our-next-travel-destination-2023-11-27-05-25-10-utc-scaled.jpg\",\"keywords\":[\"aventuras\",\"carbo campers\",\"off road\",\"trailer australiano\"],\"articleSection\":[\"Sem categoria\"],\"inLanguage\":\"es\",\"potentialAction\":[{\"@type\":\"CommentAction\",\"name\":\"Comment\",\"target\":[\"https:\/\/carbocampers.com.br\/blog\/estilo-de-vida-off-road\/#respond\"]}]},{\"@type\":\"WebPage\",\"@id\":\"https:\/\/carbocampers.com.br\/blog\/estilo-de-vida-off-road\/\",\"url\":\"https:\/\/carbocampers.com.br\/blog\/estilo-de-vida-off-road\/\",\"name\":\"Inicie o ano com um estilo de vida off road - Carbo Campers\",\"isPartOf\":{\"@id\":\"https:\/\/carbocampers.com.br\/#website\"},\"primaryImageOfPage\":{\"@id\":\"https:\/\/carbocampers.com.br\/blog\/estilo-de-vida-off-road\/#primaryimage\"},\"image\":{\"@id\":\"https:\/\/carbocampers.com.br\/blog\/estilo-de-vida-off-road\/#primaryimage\"},\"thumbnailUrl\":\"https:\/\/carbocampers.com.br\/wp-content\/uploads\/2024\/01\/what-is-our-next-travel-destination-2023-11-27-05-25-10-utc-scaled.jpg\",\"datePublished\":\"2024-01-11T20:39:13+00:00\",\"dateModified\":\"2025-02-10T18:58:16+00:00\",\"description\":\"Voc\u00ea quer come\u00e7ar o ano com o p\u00e9 direito? Acesse nosso blog e veja as dicas que separamos para quem gosta de um estilo de vida off road.\",\"breadcrumb\":{\"@id\":\"https:\/\/carbocampers.com.br\/blog\/estilo-de-vida-off-road\/#breadcrumb\"},\"inLanguage\":\"es\",\"potentialAction\":[{\"@type\":\"ReadAction\",\"target\":[\"https:\/\/carbocampers.com.br\/blog\/estilo-de-vida-off-road\/\"]}]},{\"@type\":\"ImageObject\",\"inLanguage\":\"es\",\"@id\":\"https:\/\/carbocampers.com.br\/blog\/estilo-de-vida-off-road\/#primaryimage\",\"url\":\"https:\/\/carbocampers.com.br\/wp-content\/uploads\/2024\/01\/what-is-our-next-travel-destination-2023-11-27-05-25-10-utc-scaled.jpg\",\"contentUrl\":\"https:\/\/carbocampers.com.br\/wp-content\/uploads\/2024\/01\/what-is-our-next-travel-destination-2023-11-27-05-25-10-utc-scaled.jpg\",\"width\":2560,\"height\":1708,\"caption\":\"What is our next travel destination? Attractive young woman lying in hammock while her boyfriend standing next to her\"},{\"@type\":\"BreadcrumbList\",\"@id\":\"https:\/\/carbocampers.com.br\/blog\/estilo-de-vida-off-road\/#breadcrumb\",\"itemListElement\":[{\"@type\":\"ListItem\",\"position\":1,\"name\":\"In\u00edcio\",\"item\":\"https:\/\/carbocampers.com.br\/\"},{\"@type\":\"ListItem\",\"position\":2,\"name\":\"Inicie o ano com um estilo de vida off road\"}]},{\"@type\":\"WebSite\",\"@id\":\"https:\/\/carbocampers.com.br\/#website\",\"url\":\"https:\/\/carbocampers.com.br\/\",\"name\":\"Carbo Campers\",\"description\":\"\",\"publisher\":{\"@id\":\"https:\/\/carbocampers.com.br\/#organization\"},\"potentialAction\":[{\"@type\":\"SearchAction\",\"target\":{\"@type\":\"EntryPoint\",\"urlTemplate\":\"https:\/\/carbocampers.com.br\/?s={search_term_string}\"},\"query-input\":{\"@type\":\"PropertyValueSpecification\",\"valueRequired\":true,\"valueName\":\"search_term_string\"}}],\"inLanguage\":\"es\"},{\"@type\":\"Organization\",\"@id\":\"https:\/\/carbocampers.com.br\/#organization\",\"name\":\"Carbo Campers\",\"url\":\"https:\/\/carbocampers.com.br\/\",\"logo\":{\"@type\":\"ImageObject\",\"inLanguage\":\"es\",\"@id\":\"https:\/\/carbocampers.com.br\/#\/schema\/logo\/image\/\",\"url\":\"http:\/\/carbocampers.com.br\/wp-content\/uploads\/2022\/07\/cropped-Carbo-Campers-logo-2-2-220x90-1.png\",\"contentUrl\":\"http:\/\/carbocampers.com.br\/wp-content\/uploads\/2022\/07\/cropped-Carbo-Campers-logo-2-2-220x90-1.png\",\"width\":220,\"height\":90,\"caption\":\"Carbo Campers\"},\"image\":{\"@id\":\"https:\/\/carbocampers.com.br\/#\/schema\/logo\/image\/\"},\"sameAs\":[\"https:\/\/www.facebook.com\/carbocampers\",\"https:\/\/www.instagram.com\/carbocampers\/\"]},{\"@type\":\"Person\",\"@id\":\"https:\/\/carbocampers.com.br\/#\/schema\/person\/02b348d26ddd3563d674f9c61bd6dc3b\",\"name\":\"Heloisa\",\"image\":{\"@type\":\"ImageObject\",\"inLanguage\":\"es\",\"@id\":\"https:\/\/carbocampers.com.br\/#\/schema\/person\/image\/\",\"url\":\"https:\/\/secure.gravatar.com\/avatar\/0be3feae41bdb6720cddf48c2590cabe9941c25e2cb5aa9aea97e50ed8f0ba1c?s=96&d=mm&r=g\",\"contentUrl\":\"https:\/\/secure.gravatar.com\/avatar\/0be3feae41bdb6720cddf48c2590cabe9941c25e2cb5aa9aea97e50ed8f0ba1c?s=96&d=mm&r=g\",\"caption\":\"Heloisa\"},\"url\":\"https:\/\/carbocampers.com.br\/es\/blog\/author\/heloisa\/\"}]}<\/script>\n<!-- \/ Yoast SEO plugin. -->","yoast_head_json":{"title":"Inicie o ano com um estilo de vida off road - Carbo Campers","description":"Voc\u00ea quer come\u00e7ar o ano com o p\u00e9 direito? Acesse nosso blog e veja as dicas que separamos para quem gosta de um estilo de vida off road.","robots":{"index":"index","follow":"follow","max-snippet":"max-snippet:-1","max-image-preview":"max-image-preview:large","max-video-preview":"max-video-preview:-1"},"canonical":"https:\/\/carbocampers.com.br\/es\/blog\/estilo-de-vida-off-road\/","og_locale":"es_ES","og_type":"article","og_title":"Inicie o ano com um estilo de vida off road - Carbo Campers","og_description":"Voc\u00ea quer come\u00e7ar o ano com o p\u00e9 direito? Acesse nosso blog e veja as dicas que separamos para quem gosta de um estilo de vida off road.","og_url":"https:\/\/carbocampers.com.br\/es\/blog\/estilo-de-vida-off-road\/","og_site_name":"Carbo Campers","article_publisher":"https:\/\/www.facebook.com\/carbocampers","article_published_time":"2024-01-11T20:39:13+00:00","article_modified_time":"2025-02-10T18:58:16+00:00","og_image":[{"width":2560,"height":1708,"url":"http:\/\/carbocampers.com.br\/wp-content\/uploads\/2024\/01\/what-is-our-next-travel-destination-2023-11-27-05-25-10-utc-scaled.jpg","type":"image\/jpeg"}],"author":"Heloisa","twitter_card":"summary_large_image","twitter_misc":{"Escrito por":"Heloisa","Tiempo de lectura":"9 minutos"},"schema":{"@context":"https:\/\/schema.org","@graph":[{"@type":"Article","@id":"https:\/\/carbocampers.com.br\/blog\/estilo-de-vida-off-road\/#article","isPartOf":{"@id":"https:\/\/carbocampers.com.br\/blog\/estilo-de-vida-off-road\/"},"author":{"name":"Heloisa","@id":"https:\/\/carbocampers.com.br\/#\/schema\/person\/02b348d26ddd3563d674f9c61bd6dc3b"},"headline":"Inicie o ano com um estilo de vida off road","datePublished":"2024-01-11T20:39:13+00:00","dateModified":"2025-02-10T18:58:16+00:00","mainEntityOfPage":{"@id":"https:\/\/carbocampers.com.br\/blog\/estilo-de-vida-off-road\/"},"wordCount":1439,"commentCount":0,"publisher":{"@id":"https:\/\/carbocampers.com.br\/#organization"},"image":{"@id":"https:\/\/carbocampers.com.br\/blog\/estilo-de-vida-off-road\/#primaryimage"},"thumbnailUrl":"https:\/\/carbocampers.com.br\/wp-content\/uploads\/2024\/01\/what-is-our-next-travel-destination-2023-11-27-05-25-10-utc-scaled.jpg","keywords":["aventuras","carbo campers","off road","trailer australiano"],"articleSection":["Sem categoria"],"inLanguage":"es","potentialAction":[{"@type":"CommentAction","name":"Comment","target":["https:\/\/carbocampers.com.br\/blog\/estilo-de-vida-off-road\/#respond"]}]},{"@type":"WebPage","@id":"https:\/\/carbocampers.com.br\/blog\/estilo-de-vida-off-road\/","url":"https:\/\/carbocampers.com.br\/blog\/estilo-de-vida-off-road\/","name":"Inicie o ano com um estilo de vida off road - Carbo Campers","isPartOf":{"@id":"https:\/\/carbocampers.com.br\/#website"},"primaryImageOfPage":{"@id":"https:\/\/carbocampers.com.br\/blog\/estilo-de-vida-off-road\/#primaryimage"},"image":{"@id":"https:\/\/carbocampers.com.br\/blog\/estilo-de-vida-off-road\/#primaryimage"},"thumbnailUrl":"https:\/\/carbocampers.com.br\/wp-content\/uploads\/2024\/01\/what-is-our-next-travel-destination-2023-11-27-05-25-10-utc-scaled.jpg","datePublished":"2024-01-11T20:39:13+00:00","dateModified":"2025-02-10T18:58:16+00:00","description":"Voc\u00ea quer come\u00e7ar o ano com o p\u00e9 direito? Acesse nosso blog e veja as dicas que separamos para quem gosta de um estilo de vida off road.","breadcrumb":{"@id":"https:\/\/carbocampers.com.br\/blog\/estilo-de-vida-off-road\/#breadcrumb"},"inLanguage":"es","potentialAction":[{"@type":"ReadAction","target":["https:\/\/carbocampers.com.br\/blog\/estilo-de-vida-off-road\/"]}]},{"@type":"ImageObject","inLanguage":"es","@id":"https:\/\/carbocampers.com.br\/blog\/estilo-de-vida-off-road\/#primaryimage","url":"https:\/\/carbocampers.com.br\/wp-content\/uploads\/2024\/01\/what-is-our-next-travel-destination-2023-11-27-05-25-10-utc-scaled.jpg","contentUrl":"https:\/\/carbocampers.com.br\/wp-content\/uploads\/2024\/01\/what-is-our-next-travel-destination-2023-11-27-05-25-10-utc-scaled.jpg","width":2560,"height":1708,"caption":"What is our next travel destination? Attractive young woman lying in hammock while her boyfriend standing next to her"},{"@type":"BreadcrumbList","@id":"https:\/\/carbocampers.com.br\/blog\/estilo-de-vida-off-road\/#breadcrumb","itemListElement":[{"@type":"ListItem","position":1,"name":"In\u00edcio","item":"https:\/\/carbocampers.com.br\/"},{"@type":"ListItem","position":2,"name":"Inicie o ano com um estilo de vida off road"}]},{"@type":"WebSite","@id":"https:\/\/carbocampers.com.br\/#website","url":"https:\/\/carbocampers.com.br\/","name":"Carbo Campers","description":"","publisher":{"@id":"https:\/\/carbocampers.com.br\/#organization"},"potentialAction":[{"@type":"SearchAction","target":{"@type":"EntryPoint","urlTemplate":"https:\/\/carbocampers.com.br\/?s={search_term_string}"},"query-input":{"@type":"PropertyValueSpecification","valueRequired":true,"valueName":"search_term_string"}}],"inLanguage":"es"},{"@type":"Organization","@id":"https:\/\/carbocampers.com.br\/#organization","name":"Carbo Campers","url":"https:\/\/carbocampers.com.br\/","logo":{"@type":"ImageObject","inLanguage":"es","@id":"https:\/\/carbocampers.com.br\/#\/schema\/logo\/image\/","url":"http:\/\/carbocampers.com.br\/wp-content\/uploads\/2022\/07\/cropped-Carbo-Campers-logo-2-2-220x90-1.png","contentUrl":"http:\/\/carbocampers.com.br\/wp-content\/uploads\/2022\/07\/cropped-Carbo-Campers-logo-2-2-220x90-1.png","width":220,"height":90,"caption":"Carbo Campers"},"image":{"@id":"https:\/\/carbocampers.com.br\/#\/schema\/logo\/image\/"},"sameAs":["https:\/\/www.facebook.com\/carbocampers","https:\/\/www.instagram.com\/carbocampers\/"]},{"@type":"Person","@id":"https:\/\/carbocampers.com.br\/#\/schema\/person\/02b348d26ddd3563d674f9c61bd6dc3b","name":"Heloisa","image":{"@type":"ImageObject","inLanguage":"es","@id":"https:\/\/carbocampers.com.br\/#\/schema\/person\/image\/","url":"https:\/\/secure.gravatar.com\/avatar\/0be3feae41bdb6720cddf48c2590cabe9941c25e2cb5aa9aea97e50ed8f0ba1c?s=96&d=mm&r=g","contentUrl":"https:\/\/secure.gravatar.com\/avatar\/0be3feae41bdb6720cddf48c2590cabe9941c25e2cb5aa9aea97e50ed8f0ba1c?s=96&d=mm&r=g","caption":"Heloisa"},"url":"https:\/\/carbocampers.com.br\/es\/blog\/author\/heloisa\/"}]}},"_links":{"self":[{"href":"https:\/\/carbocampers.com.br\/es\/wp-json\/wp\/v2\/posts\/2935","targetHints":{"allow":["GET"]}}],"collection":[{"href":"https:\/\/carbocampers.com.br\/es\/wp-json\/wp\/v2\/posts"}],"about":[{"href":"https:\/\/carbocampers.com.br\/es\/wp-json\/wp\/v2\/types\/post"}],"author":[{"embeddable":true,"href":"https:\/\/carbocampers.com.br\/es\/wp-json\/wp\/v2\/users\/11"}],"replies":[{"embeddable":true,"href":"https:\/\/carbocampers.com.br\/es\/wp-json\/wp\/v2\/comments?post=2935"}],"version-history":[{"count":5,"href":"https:\/\/carbocampers.com.br\/es\/wp-json\/wp\/v2\/posts\/2935\/revisions"}],"predecessor-version":[{"id":4227,"href":"https:\/\/carbocampers.com.br\/es\/wp-json\/wp\/v2\/posts\/2935\/revisions\/4227"}],"wp:featuredmedia":[{"embeddable":true,"href":"https:\/\/carbocampers.com.br\/es\/wp-json\/wp\/v2\/media\/2942"}],"wp:attachment":[{"href":"https:\/\/carbocampers.com.br\/es\/wp-json\/wp\/v2\/media?parent=2935"}],"wp:term":[{"taxonomy":"category","embeddable":true,"href":"https:\/\/carbocampers.com.br\/es\/wp-json\/wp\/v2\/categories?post=2935"},{"taxonomy":"post_tag","embeddable":true,"href":"https:\/\/carbocampers.com.br\/es\/wp-json\/wp\/v2\/tags?post=2935"}],"curies":[{"name":"wp","href":"https:\/\/api.w.org\/{rel}","templated":true}]}}