{"id":3836,"date":"2024-07-19T11:04:35","date_gmt":"2024-07-19T14:04:35","guid":{"rendered":"https:\/\/carbocampers.com.br\/?p=3836"},"modified":"2025-02-10T11:31:16","modified_gmt":"2025-02-10T14:31:16","slug":"primeira-trilha-por-onde-comecar-e-quais-equipamentos-levar","status":"publish","type":"post","link":"https:\/\/carbocampers.com.br\/es\/blog\/primeira-trilha-por-onde-comecar-e-quais-equipamentos-levar\/","title":{"rendered":"Primeira trilha: por onde come\u00e7ar e quais equipamentos levar"},"content":{"rendered":"<span class=\"span-reading-time rt-reading-time\" style=\"display: block;\"><span class=\"rt-label rt-prefix\"><b>Tempo de Leitura:<\/b><\/span> <span class=\"rt-time\"> 2<\/span> <span class=\"rt-label rt-postfix\">minutos. <br><\/span><\/span><p><span style=\"font-weight: 400;\">A <strong>primeira trilha<\/strong> \u00e9 sempre um momento emocionante e desafiador. <\/span><\/p>\n<p><span style=\"font-weight: 400;\">Sendo assim, al\u00e9m de proporcionar uma conex\u00e3o \u00fanica com a natureza, ela oferece uma sensa\u00e7\u00e3o de conquista e liberdade. <\/span><\/p>\n<p><span style=\"font-weight: 400;\">Mas, para garantir que essa experi\u00eancia seja segura e agrad\u00e1vel, \u00e9 essencial estar bem preparado. <\/span><\/p>\n<p><span style=\"font-weight: 400;\">Aqui, vamos te ajudar a saber por onde come\u00e7ar e quais equipamentos levar para a sua aventura.<\/span><\/p>\n<h2><b>Por onde come\u00e7ar<\/b><\/h2>\n<h3><b>Escolha a trilha certa<\/b><\/h3>\n<p><span style=\"font-weight: 400;\">Para iniciantes, escolher uma trilha adequada \u00e9 crucial. Por isso, opte por percursos bem sinalizados, com baixa dificuldade e uma dist\u00e2ncia que voc\u00ea consiga completar confortavelmente. <\/span><\/p>\n<p><span style=\"font-weight: 400;\">Al\u00e9m disso, trilhas em parques nacionais ou estaduais s\u00e3o excelentes op\u00e7\u00f5es para come\u00e7ar, pois geralmente oferecem infraestrutura e informa\u00e7\u00f5es detalhadas sobre o percurso.<\/span><\/p>\n<h3><b>Planeje com anteced\u00eancia<\/b><\/h3>\n<p><span style=\"font-weight: 400;\">Antes de sair, pesquise sobre a trilha escolhida. <\/span><\/p>\n<p><span style=\"font-weight: 400;\">Por exemplo, verifique a previs\u00e3o do tempo, conhe\u00e7a o trajeto, e esteja ciente das exig\u00eancias do local, como taxas de entrada ou necessidade de guias. <\/span><\/p>\n<p><span style=\"font-weight: 400;\">Al\u00e9m disso, informar algu\u00e9m sobre o seu plano de trilha tamb\u00e9m \u00e9 uma medida de seguran\u00e7a importante.<\/span><\/p>\n<h3><b>Quais equipamentos levar<\/b><\/h3>\n<h4><b>Equipamentos essenciais<\/b><\/h4>\n<ol>\n<li style=\"font-weight: 400;\" aria-level=\"1\"><b>Mochila confort\u00e1vel<\/b>\n<ul>\n<li style=\"font-weight: 400;\" aria-level=\"2\"><span style=\"font-weight: 400;\">Escolha uma mochila com capacidade adequada para a dura\u00e7\u00e3o da trilha e que distribua o peso de forma equilibrada.<\/span><\/li>\n<\/ul>\n<\/li>\n<li style=\"font-weight: 400;\" aria-level=\"1\"><b>Cal\u00e7ados adequados<\/b>\n<ul>\n<li style=\"font-weight: 400;\" aria-level=\"2\"><span style=\"font-weight: 400;\">Botas de trilha ou t\u00eanis espec\u00edficos para trekking s\u00e3o ideais. Afinal, eles oferecem suporte e ader\u00eancia necess\u00e1rios para diferentes tipos de terreno.<\/span><\/li>\n<\/ul>\n<\/li>\n<li style=\"font-weight: 400;\" aria-level=\"1\"><b>Roupas apropriadas<\/b>\n<ul>\n<li style=\"font-weight: 400;\" aria-level=\"2\"><span style=\"font-weight: 400;\">Vista-se em camadas para se adaptar \u00e0s mudan\u00e7as de temperatura. Por exemplo, roupas de secagem r\u00e1pida e respir\u00e1veis s\u00e3o recomendadas.<\/span><\/li>\n<\/ul>\n<\/li>\n<li style=\"font-weight: 400;\" aria-level=\"1\"><b>Mapa e b\u00fassola<\/b>\n<ul>\n<li style=\"font-weight: 400;\" aria-level=\"2\"><span style=\"font-weight: 400;\">Mesmo em trilhas sinalizadas, \u00e9 importante ter um mapa f\u00edsico e uma b\u00fassola para orienta\u00e7\u00e3o.<\/span><\/li>\n<\/ul>\n<\/li>\n<li style=\"font-weight: 400;\" aria-level=\"1\"><b>Kit de primeiros socorros<\/b>\n<ul>\n<li style=\"font-weight: 400;\" aria-level=\"2\"><span style=\"font-weight: 400;\">Inclua itens b\u00e1sicos como bandagens, antiss\u00e9pticos, e medicamentos para emerg\u00eancias.<\/span><\/li>\n<\/ul>\n<\/li>\n<li style=\"font-weight: 400;\" aria-level=\"1\"><b>Lanterna<\/b>\n<ul>\n<li style=\"font-weight: 400;\" aria-level=\"2\"><span style=\"font-weight: 400;\">Uma lanterna de cabe\u00e7a com baterias extras \u00e9 essencial, especialmente se voc\u00ea planeja trilhar ao amanhecer ou ao entardecer.<\/span><\/li>\n<\/ul>\n<\/li>\n<li style=\"font-weight: 400;\" aria-level=\"1\"><b>\u00c1gua e snacks<\/b>\n<ul>\n<li style=\"font-weight: 400;\" aria-level=\"2\"><span style=\"font-weight: 400;\">Leve uma quantidade suficiente de \u00e1gua e alimentos energ\u00e9ticos, como barras de cereal e frutas secas.<\/span><\/li>\n<\/ul>\n<\/li>\n<\/ol>\n<h4><b>Equipamentos adicionais<\/b><\/h4>\n<ol>\n<li style=\"font-weight: 400;\" aria-level=\"1\"><b>Protetor solar e repelente<\/b>\n<ul>\n<li style=\"font-weight: 400;\" aria-level=\"2\"><span style=\"font-weight: 400;\">Proteja-se do sol e dos insetos, aplicando protetor solar e repelente regularmente.<\/span><\/li>\n<\/ul>\n<\/li>\n<li style=\"font-weight: 400;\" aria-level=\"1\"><b>Bast\u00f5es de caminhada<\/b>\n<ul>\n<li style=\"font-weight: 400;\" aria-level=\"2\"><span style=\"font-weight: 400;\">Eles ajudam a distribuir o esfor\u00e7o e melhoram o equil\u00edbrio em terrenos irregulares.<\/span><\/li>\n<\/ul>\n<\/li>\n<li style=\"font-weight: 400;\" aria-level=\"1\"><b>Capa de chuva<\/b>\n<ul>\n<li style=\"font-weight: 400;\" aria-level=\"2\"><span style=\"font-weight: 400;\">Esteja preparado para mudan\u00e7as clim\u00e1ticas inesperadas com uma capa de chuva leve.<\/span><\/li>\n<\/ul>\n<\/li>\n<li style=\"font-weight: 400;\" aria-level=\"1\"><b>Saco para lixo<\/b>\n<ul>\n<li style=\"font-weight: 400;\" aria-level=\"2\"><span style=\"font-weight: 400;\">Leve um saco para trazer de volta todo o lixo produzido, mantendo a trilha limpa.<\/span><\/li>\n<\/ul>\n<\/li>\n<\/ol>\n<h2><strong>Conhe\u00e7a a Carbo Campers<\/strong><\/h2>\n<p><span style=\"font-weight: 400;\">Reconhecida por fabricar trailers off-road de alta qualidade, a Carbo Campers oferece um barracas e trailers ideais para o seu estilo de vida aventureiro.&nbsp;<\/span><\/p>\n<p><span style=\"font-weight: 400;\">Afinal, come\u00e7ar a trilhar pode ser uma das experi\u00eancias mais gratificantes da sua vida. <\/span><\/p>\n<p><span style=\"font-weight: 400;\">Al\u00e9m disso, com as dicas certas e os equipamentos adequados, voc\u00ea estar\u00e1 preparado para desfrutar de cada momento na natureza. <\/span><\/p>\n<p><span style=\"font-weight: 400;\">Por isso, lembre-se, a Carbo Campers est\u00e1 aqui para ajudar voc\u00ea a se conectar com o que \u00e9 essencial: uma vida cheia de significado e aventuras.<\/span><\/p>\n<ul>\n<li style=\"font-weight: 400;\" aria-level=\"1\"><b>Pronto para sua primeira trilha?<\/b><span style=\"font-weight: 400;\"> Conhe\u00e7a nossa linha de <\/span><b>trailers off-road<\/b><span style=\"font-weight: 400;\"> que te levam a qualquer lugar!<\/span><\/li>\n<\/ul>\n<p><a class=\"fasc-button fasc-size-large fasc-type-flat fasc-rounded-medium fasc-style-bold\" style=\"background-color: #d51f26; color: #ffffff;\" target=\"_blank\" rel=\"noopener\" href=\"https:\/\/carbocampers.com.br\/es\/\">CONH\u00c7A OS TRAILERS<\/a><\/p>","protected":false},"excerpt":{"rendered":"<p><span class=\"span-reading-time rt-reading-time\" style=\"display: block;\"><span class=\"rt-label rt-prefix\"><b>Tempo de Leitura:<\/b><\/span> <span class=\"rt-time\"> 2<\/span> <span class=\"rt-label rt-postfix\">minutos. <br \/><\/span><\/span>A primeira trilha \u00e9 sempre um momento emocionante e desafiador. Sendo assim, al\u00e9m de proporcionar uma conex\u00e3o \u00fanica com a natureza, ela oferece uma sensa\u00e7\u00e3o de conquista e liberdade. Mas, para garantir que essa experi\u00eancia seja segura e agrad\u00e1vel, \u00e9 essencial estar bem preparado. Aqui, vamos te ajudar a saber por onde come\u00e7ar e quais [&hellip;]<\/p>","protected":false},"author":9,"featured_media":3838,"comment_status":"open","ping_status":"open","sticky":false,"template":"","format":"standard","meta":{"footnotes":""},"categories":[8,56],"tags":[69,68,67],"class_list":["post-3836","post","type-post","status-publish","format-standard","has-post-thumbnail","hentry","category-camping","category-lyfestyle","tag-dicas","tag-equipamentos","tag-trilhas"],"yoast_head":"<!-- This site is optimized with the Yoast SEO plugin v25.8 - https:\/\/yoast.com\/wordpress\/plugins\/seo\/ -->\n<title>Primeira trilha: por onde come\u00e7ar e quais equipamentos levar - Carbo Campers<\/title>\n<meta name=\"description\" content=\"Descubra como come\u00e7ar sua primeira trilha com dicas essenciais e uma lista completa de equipamentos necess\u00e1rios para uma aventura segura.\" \/>\n<meta name=\"robots\" content=\"index, follow, max-snippet:-1, max-image-preview:large, max-video-preview:-1\" \/>\n<link rel=\"canonical\" href=\"https:\/\/carbocampers.com.br\/es\/blog\/primeira-trilha-por-onde-comecar-e-quais-equipamentos-levar\/\" \/>\n<meta property=\"og:locale\" content=\"es_ES\" \/>\n<meta property=\"og:type\" content=\"article\" \/>\n<meta property=\"og:title\" content=\"Primeira trilha: por onde come\u00e7ar e quais equipamentos levar - Carbo Campers\" \/>\n<meta property=\"og:description\" content=\"Descubra como come\u00e7ar sua primeira trilha com dicas essenciais e uma lista completa de equipamentos necess\u00e1rios para uma aventura segura.\" \/>\n<meta property=\"og:url\" content=\"https:\/\/carbocampers.com.br\/es\/blog\/primeira-trilha-por-onde-comecar-e-quais-equipamentos-levar\/\" \/>\n<meta property=\"og:site_name\" content=\"Carbo Campers\" \/>\n<meta property=\"article:publisher\" content=\"https:\/\/www.facebook.com\/carbocampers\" \/>\n<meta property=\"article:published_time\" content=\"2024-07-19T14:04:35+00:00\" \/>\n<meta property=\"article:modified_time\" content=\"2025-02-10T14:31:16+00:00\" \/>\n<meta property=\"og:image\" content=\"http:\/\/carbocampers.com.br\/wp-content\/uploads\/2024\/07\/hikers-on-sunset-peak-trail-catherine-s-pass-was-2023-11-27-05-10-39-utc-1-TRATADA-1.jpg\" \/>\n\t<meta property=\"og:image:width\" content=\"1920\" \/>\n\t<meta property=\"og:image:height\" content=\"1080\" \/>\n\t<meta property=\"og:image:type\" content=\"image\/jpeg\" \/>\n<meta name=\"author\" content=\"vitinho.m\" \/>\n<meta name=\"twitter:card\" content=\"summary_large_image\" \/>\n<meta name=\"twitter:label1\" content=\"Escrito por\" \/>\n\t<meta name=\"twitter:data1\" content=\"vitinho.m\" \/>\n\t<meta name=\"twitter:label2\" content=\"Tiempo de lectura\" \/>\n\t<meta name=\"twitter:data2\" content=\"3 minutos\" \/>\n<script type=\"application\/ld+json\" class=\"yoast-schema-graph\">{\"@context\":\"https:\/\/schema.org\",\"@graph\":[{\"@type\":\"Article\",\"@id\":\"https:\/\/carbocampers.com.br\/blog\/primeira-trilha-por-onde-comecar-e-quais-equipamentos-levar\/#article\",\"isPartOf\":{\"@id\":\"https:\/\/carbocampers.com.br\/blog\/primeira-trilha-por-onde-comecar-e-quais-equipamentos-levar\/\"},\"author\":{\"name\":\"vitinho.m\",\"@id\":\"https:\/\/carbocampers.com.br\/#\/schema\/person\/9efe365fc68250a50142f07c5bbf1d33\"},\"headline\":\"Primeira trilha: por onde come\u00e7ar e quais equipamentos levar\",\"datePublished\":\"2024-07-19T14:04:35+00:00\",\"dateModified\":\"2025-02-10T14:31:16+00:00\",\"mainEntityOfPage\":{\"@id\":\"https:\/\/carbocampers.com.br\/blog\/primeira-trilha-por-onde-comecar-e-quais-equipamentos-levar\/\"},\"wordCount\":545,\"commentCount\":0,\"publisher\":{\"@id\":\"https:\/\/carbocampers.com.br\/#organization\"},\"image\":{\"@id\":\"https:\/\/carbocampers.com.br\/blog\/primeira-trilha-por-onde-comecar-e-quais-equipamentos-levar\/#primaryimage\"},\"thumbnailUrl\":\"https:\/\/carbocampers.com.br\/wp-content\/uploads\/2024\/07\/hikers-on-sunset-peak-trail-catherine-s-pass-was-2023-11-27-05-10-39-utc-1-TRATADA-1.jpg\",\"keywords\":[\"Dicas\",\"Equipamentos\",\"Trilhas\"],\"articleSection\":[\"Camping\",\"Lyfestyle\"],\"inLanguage\":\"es\",\"potentialAction\":[{\"@type\":\"CommentAction\",\"name\":\"Comment\",\"target\":[\"https:\/\/carbocampers.com.br\/blog\/primeira-trilha-por-onde-comecar-e-quais-equipamentos-levar\/#respond\"]}]},{\"@type\":\"WebPage\",\"@id\":\"https:\/\/carbocampers.com.br\/blog\/primeira-trilha-por-onde-comecar-e-quais-equipamentos-levar\/\",\"url\":\"https:\/\/carbocampers.com.br\/blog\/primeira-trilha-por-onde-comecar-e-quais-equipamentos-levar\/\",\"name\":\"Primeira trilha: por onde come\u00e7ar e quais equipamentos levar - Carbo Campers\",\"isPartOf\":{\"@id\":\"https:\/\/carbocampers.com.br\/#website\"},\"primaryImageOfPage\":{\"@id\":\"https:\/\/carbocampers.com.br\/blog\/primeira-trilha-por-onde-comecar-e-quais-equipamentos-levar\/#primaryimage\"},\"image\":{\"@id\":\"https:\/\/carbocampers.com.br\/blog\/primeira-trilha-por-onde-comecar-e-quais-equipamentos-levar\/#primaryimage\"},\"thumbnailUrl\":\"https:\/\/carbocampers.com.br\/wp-content\/uploads\/2024\/07\/hikers-on-sunset-peak-trail-catherine-s-pass-was-2023-11-27-05-10-39-utc-1-TRATADA-1.jpg\",\"datePublished\":\"2024-07-19T14:04:35+00:00\",\"dateModified\":\"2025-02-10T14:31:16+00:00\",\"description\":\"Descubra como come\u00e7ar sua primeira trilha com dicas essenciais e uma lista completa de equipamentos necess\u00e1rios para uma aventura segura.\",\"breadcrumb\":{\"@id\":\"https:\/\/carbocampers.com.br\/blog\/primeira-trilha-por-onde-comecar-e-quais-equipamentos-levar\/#breadcrumb\"},\"inLanguage\":\"es\",\"potentialAction\":[{\"@type\":\"ReadAction\",\"target\":[\"https:\/\/carbocampers.com.br\/blog\/primeira-trilha-por-onde-comecar-e-quais-equipamentos-levar\/\"]}]},{\"@type\":\"ImageObject\",\"inLanguage\":\"es\",\"@id\":\"https:\/\/carbocampers.com.br\/blog\/primeira-trilha-por-onde-comecar-e-quais-equipamentos-levar\/#primaryimage\",\"url\":\"https:\/\/carbocampers.com.br\/wp-content\/uploads\/2024\/07\/hikers-on-sunset-peak-trail-catherine-s-pass-was-2023-11-27-05-10-39-utc-1-TRATADA-1.jpg\",\"contentUrl\":\"https:\/\/carbocampers.com.br\/wp-content\/uploads\/2024\/07\/hikers-on-sunset-peak-trail-catherine-s-pass-was-2023-11-27-05-10-39-utc-1-TRATADA-1.jpg\",\"width\":1920,\"height\":1080,\"caption\":\"Primeira trilha\"},{\"@type\":\"BreadcrumbList\",\"@id\":\"https:\/\/carbocampers.com.br\/blog\/primeira-trilha-por-onde-comecar-e-quais-equipamentos-levar\/#breadcrumb\",\"itemListElement\":[{\"@type\":\"ListItem\",\"position\":1,\"name\":\"In\u00edcio\",\"item\":\"https:\/\/carbocampers.com.br\/\"},{\"@type\":\"ListItem\",\"position\":2,\"name\":\"Primeira trilha: por onde come\u00e7ar e quais equipamentos levar\"}]},{\"@type\":\"WebSite\",\"@id\":\"https:\/\/carbocampers.com.br\/#website\",\"url\":\"https:\/\/carbocampers.com.br\/\",\"name\":\"Carbo Campers\",\"description\":\"\",\"publisher\":{\"@id\":\"https:\/\/carbocampers.com.br\/#organization\"},\"potentialAction\":[{\"@type\":\"SearchAction\",\"target\":{\"@type\":\"EntryPoint\",\"urlTemplate\":\"https:\/\/carbocampers.com.br\/?s={search_term_string}\"},\"query-input\":{\"@type\":\"PropertyValueSpecification\",\"valueRequired\":true,\"valueName\":\"search_term_string\"}}],\"inLanguage\":\"es\"},{\"@type\":\"Organization\",\"@id\":\"https:\/\/carbocampers.com.br\/#organization\",\"name\":\"Carbo Campers\",\"url\":\"https:\/\/carbocampers.com.br\/\",\"logo\":{\"@type\":\"ImageObject\",\"inLanguage\":\"es\",\"@id\":\"https:\/\/carbocampers.com.br\/#\/schema\/logo\/image\/\",\"url\":\"http:\/\/carbocampers.com.br\/wp-content\/uploads\/2022\/07\/cropped-Carbo-Campers-logo-2-2-220x90-1.png\",\"contentUrl\":\"http:\/\/carbocampers.com.br\/wp-content\/uploads\/2022\/07\/cropped-Carbo-Campers-logo-2-2-220x90-1.png\",\"width\":220,\"height\":90,\"caption\":\"Carbo Campers\"},\"image\":{\"@id\":\"https:\/\/carbocampers.com.br\/#\/schema\/logo\/image\/\"},\"sameAs\":[\"https:\/\/www.facebook.com\/carbocampers\",\"https:\/\/www.instagram.com\/carbocampers\/\"]},{\"@type\":\"Person\",\"@id\":\"https:\/\/carbocampers.com.br\/#\/schema\/person\/9efe365fc68250a50142f07c5bbf1d33\",\"name\":\"vitinho.m\",\"image\":{\"@type\":\"ImageObject\",\"inLanguage\":\"es\",\"@id\":\"https:\/\/carbocampers.com.br\/#\/schema\/person\/image\/\",\"url\":\"https:\/\/secure.gravatar.com\/avatar\/fcfa2bde7f430b92834791948bf539ce85baa969d2bbe2e7521f4afd7101cbd2?s=96&d=mm&r=g\",\"contentUrl\":\"https:\/\/secure.gravatar.com\/avatar\/fcfa2bde7f430b92834791948bf539ce85baa969d2bbe2e7521f4afd7101cbd2?s=96&d=mm&r=g\",\"caption\":\"vitinho.m\"},\"url\":\"https:\/\/carbocampers.com.br\/es\/blog\/author\/vitinho-m\/\"}]}<\/script>\n<!-- \/ Yoast SEO plugin. -->","yoast_head_json":{"title":"Primeira trilha: por onde come\u00e7ar e quais equipamentos levar - Carbo Campers","description":"Descubra como come\u00e7ar sua primeira trilha com dicas essenciais e uma lista completa de equipamentos necess\u00e1rios para uma aventura segura.","robots":{"index":"index","follow":"follow","max-snippet":"max-snippet:-1","max-image-preview":"max-image-preview:large","max-video-preview":"max-video-preview:-1"},"canonical":"https:\/\/carbocampers.com.br\/es\/blog\/primeira-trilha-por-onde-comecar-e-quais-equipamentos-levar\/","og_locale":"es_ES","og_type":"article","og_title":"Primeira trilha: por onde come\u00e7ar e quais equipamentos levar - Carbo Campers","og_description":"Descubra como come\u00e7ar sua primeira trilha com dicas essenciais e uma lista completa de equipamentos necess\u00e1rios para uma aventura segura.","og_url":"https:\/\/carbocampers.com.br\/es\/blog\/primeira-trilha-por-onde-comecar-e-quais-equipamentos-levar\/","og_site_name":"Carbo Campers","article_publisher":"https:\/\/www.facebook.com\/carbocampers","article_published_time":"2024-07-19T14:04:35+00:00","article_modified_time":"2025-02-10T14:31:16+00:00","og_image":[{"width":1920,"height":1080,"url":"http:\/\/carbocampers.com.br\/wp-content\/uploads\/2024\/07\/hikers-on-sunset-peak-trail-catherine-s-pass-was-2023-11-27-05-10-39-utc-1-TRATADA-1.jpg","type":"image\/jpeg"}],"author":"vitinho.m","twitter_card":"summary_large_image","twitter_misc":{"Escrito por":"vitinho.m","Tiempo de lectura":"3 minutos"},"schema":{"@context":"https:\/\/schema.org","@graph":[{"@type":"Article","@id":"https:\/\/carbocampers.com.br\/blog\/primeira-trilha-por-onde-comecar-e-quais-equipamentos-levar\/#article","isPartOf":{"@id":"https:\/\/carbocampers.com.br\/blog\/primeira-trilha-por-onde-comecar-e-quais-equipamentos-levar\/"},"author":{"name":"vitinho.m","@id":"https:\/\/carbocampers.com.br\/#\/schema\/person\/9efe365fc68250a50142f07c5bbf1d33"},"headline":"Primeira trilha: por onde come\u00e7ar e quais equipamentos levar","datePublished":"2024-07-19T14:04:35+00:00","dateModified":"2025-02-10T14:31:16+00:00","mainEntityOfPage":{"@id":"https:\/\/carbocampers.com.br\/blog\/primeira-trilha-por-onde-comecar-e-quais-equipamentos-levar\/"},"wordCount":545,"commentCount":0,"publisher":{"@id":"https:\/\/carbocampers.com.br\/#organization"},"image":{"@id":"https:\/\/carbocampers.com.br\/blog\/primeira-trilha-por-onde-comecar-e-quais-equipamentos-levar\/#primaryimage"},"thumbnailUrl":"https:\/\/carbocampers.com.br\/wp-content\/uploads\/2024\/07\/hikers-on-sunset-peak-trail-catherine-s-pass-was-2023-11-27-05-10-39-utc-1-TRATADA-1.jpg","keywords":["Dicas","Equipamentos","Trilhas"],"articleSection":["Camping","Lyfestyle"],"inLanguage":"es","potentialAction":[{"@type":"CommentAction","name":"Comment","target":["https:\/\/carbocampers.com.br\/blog\/primeira-trilha-por-onde-comecar-e-quais-equipamentos-levar\/#respond"]}]},{"@type":"WebPage","@id":"https:\/\/carbocampers.com.br\/blog\/primeira-trilha-por-onde-comecar-e-quais-equipamentos-levar\/","url":"https:\/\/carbocampers.com.br\/blog\/primeira-trilha-por-onde-comecar-e-quais-equipamentos-levar\/","name":"Primeira trilha: por onde come\u00e7ar e quais equipamentos levar - Carbo Campers","isPartOf":{"@id":"https:\/\/carbocampers.com.br\/#website"},"primaryImageOfPage":{"@id":"https:\/\/carbocampers.com.br\/blog\/primeira-trilha-por-onde-comecar-e-quais-equipamentos-levar\/#primaryimage"},"image":{"@id":"https:\/\/carbocampers.com.br\/blog\/primeira-trilha-por-onde-comecar-e-quais-equipamentos-levar\/#primaryimage"},"thumbnailUrl":"https:\/\/carbocampers.com.br\/wp-content\/uploads\/2024\/07\/hikers-on-sunset-peak-trail-catherine-s-pass-was-2023-11-27-05-10-39-utc-1-TRATADA-1.jpg","datePublished":"2024-07-19T14:04:35+00:00","dateModified":"2025-02-10T14:31:16+00:00","description":"Descubra como come\u00e7ar sua primeira trilha com dicas essenciais e uma lista completa de equipamentos necess\u00e1rios para uma aventura segura.","breadcrumb":{"@id":"https:\/\/carbocampers.com.br\/blog\/primeira-trilha-por-onde-comecar-e-quais-equipamentos-levar\/#breadcrumb"},"inLanguage":"es","potentialAction":[{"@type":"ReadAction","target":["https:\/\/carbocampers.com.br\/blog\/primeira-trilha-por-onde-comecar-e-quais-equipamentos-levar\/"]}]},{"@type":"ImageObject","inLanguage":"es","@id":"https:\/\/carbocampers.com.br\/blog\/primeira-trilha-por-onde-comecar-e-quais-equipamentos-levar\/#primaryimage","url":"https:\/\/carbocampers.com.br\/wp-content\/uploads\/2024\/07\/hikers-on-sunset-peak-trail-catherine-s-pass-was-2023-11-27-05-10-39-utc-1-TRATADA-1.jpg","contentUrl":"https:\/\/carbocampers.com.br\/wp-content\/uploads\/2024\/07\/hikers-on-sunset-peak-trail-catherine-s-pass-was-2023-11-27-05-10-39-utc-1-TRATADA-1.jpg","width":1920,"height":1080,"caption":"Primeira trilha"},{"@type":"BreadcrumbList","@id":"https:\/\/carbocampers.com.br\/blog\/primeira-trilha-por-onde-comecar-e-quais-equipamentos-levar\/#breadcrumb","itemListElement":[{"@type":"ListItem","position":1,"name":"In\u00edcio","item":"https:\/\/carbocampers.com.br\/"},{"@type":"ListItem","position":2,"name":"Primeira trilha: por onde come\u00e7ar e quais equipamentos levar"}]},{"@type":"WebSite","@id":"https:\/\/carbocampers.com.br\/#website","url":"https:\/\/carbocampers.com.br\/","name":"Carbo Campers","description":"","publisher":{"@id":"https:\/\/carbocampers.com.br\/#organization"},"potentialAction":[{"@type":"SearchAction","target":{"@type":"EntryPoint","urlTemplate":"https:\/\/carbocampers.com.br\/?s={search_term_string}"},"query-input":{"@type":"PropertyValueSpecification","valueRequired":true,"valueName":"search_term_string"}}],"inLanguage":"es"},{"@type":"Organization","@id":"https:\/\/carbocampers.com.br\/#organization","name":"Carbo Campers","url":"https:\/\/carbocampers.com.br\/","logo":{"@type":"ImageObject","inLanguage":"es","@id":"https:\/\/carbocampers.com.br\/#\/schema\/logo\/image\/","url":"http:\/\/carbocampers.com.br\/wp-content\/uploads\/2022\/07\/cropped-Carbo-Campers-logo-2-2-220x90-1.png","contentUrl":"http:\/\/carbocampers.com.br\/wp-content\/uploads\/2022\/07\/cropped-Carbo-Campers-logo-2-2-220x90-1.png","width":220,"height":90,"caption":"Carbo Campers"},"image":{"@id":"https:\/\/carbocampers.com.br\/#\/schema\/logo\/image\/"},"sameAs":["https:\/\/www.facebook.com\/carbocampers","https:\/\/www.instagram.com\/carbocampers\/"]},{"@type":"Person","@id":"https:\/\/carbocampers.com.br\/#\/schema\/person\/9efe365fc68250a50142f07c5bbf1d33","name":"vitinho.m","image":{"@type":"ImageObject","inLanguage":"es","@id":"https:\/\/carbocampers.com.br\/#\/schema\/person\/image\/","url":"https:\/\/secure.gravatar.com\/avatar\/fcfa2bde7f430b92834791948bf539ce85baa969d2bbe2e7521f4afd7101cbd2?s=96&d=mm&r=g","contentUrl":"https:\/\/secure.gravatar.com\/avatar\/fcfa2bde7f430b92834791948bf539ce85baa969d2bbe2e7521f4afd7101cbd2?s=96&d=mm&r=g","caption":"vitinho.m"},"url":"https:\/\/carbocampers.com.br\/es\/blog\/author\/vitinho-m\/"}]}},"_links":{"self":[{"href":"https:\/\/carbocampers.com.br\/es\/wp-json\/wp\/v2\/posts\/3836","targetHints":{"allow":["GET"]}}],"collection":[{"href":"https:\/\/carbocampers.com.br\/es\/wp-json\/wp\/v2\/posts"}],"about":[{"href":"https:\/\/carbocampers.com.br\/es\/wp-json\/wp\/v2\/types\/post"}],"author":[{"embeddable":true,"href":"https:\/\/carbocampers.com.br\/es\/wp-json\/wp\/v2\/users\/9"}],"replies":[{"embeddable":true,"href":"https:\/\/carbocampers.com.br\/es\/wp-json\/wp\/v2\/comments?post=3836"}],"version-history":[{"count":4,"href":"https:\/\/carbocampers.com.br\/es\/wp-json\/wp\/v2\/posts\/3836\/revisions"}],"predecessor-version":[{"id":4214,"href":"https:\/\/carbocampers.com.br\/es\/wp-json\/wp\/v2\/posts\/3836\/revisions\/4214"}],"wp:featuredmedia":[{"embeddable":true,"href":"https:\/\/carbocampers.com.br\/es\/wp-json\/wp\/v2\/media\/3838"}],"wp:attachment":[{"href":"https:\/\/carbocampers.com.br\/es\/wp-json\/wp\/v2\/media?parent=3836"}],"wp:term":[{"taxonomy":"category","embeddable":true,"href":"https:\/\/carbocampers.com.br\/es\/wp-json\/wp\/v2\/categories?post=3836"},{"taxonomy":"post_tag","embeddable":true,"href":"https:\/\/carbocampers.com.br\/es\/wp-json\/wp\/v2\/tags?post=3836"}],"curies":[{"name":"wp","href":"https:\/\/api.w.org\/{rel}","templated":true}]}}