{"id":4192,"date":"2025-02-03T10:01:53","date_gmt":"2025-02-03T13:01:53","guid":{"rendered":"https:\/\/carbocampers.com.br\/?p=4192"},"modified":"2025-02-03T10:01:53","modified_gmt":"2025-02-03T13:01:53","slug":"o-que-fazer-no-carnaval-dicas-para-relaxar-longe-do-agito","status":"publish","type":"post","link":"https:\/\/carbocampers.com.br\/es\/blog\/o-que-fazer-no-carnaval-dicas-para-relaxar-longe-do-agito\/","title":{"rendered":"O que fazer no Carnaval: dicas para relaxar longe do agito"},"content":{"rendered":"<span class=\"span-reading-time rt-reading-time\" style=\"display: block;\"><span class=\"rt-label rt-prefix\"><b>Tempo de Leitura:<\/b><\/span> <span class=\"rt-time\"> 3<\/span> <span class=\"rt-label rt-postfix\">minutos. <br><\/span><\/span><p><span style=\"font-weight: 400;\">Se voc\u00ea n\u00e3o curte o agito do feriado, com certeza est\u00e1 se perguntando: <\/span><b>o que fazer no carnaval<\/b><span style=\"font-weight: 400;\"> para fugir das grandes cidades? \u00c9 exatamente isso que vamos te responder hoje!\u00a0<\/span><\/p>\n<p><span style=\"font-weight: 400;\">O <\/span><b>Carnaval 2025<\/b><span style=\"font-weight: 400;\"> promete ser grandioso, por exemplo, estimativas apontam que <\/span><a href=\"https:\/\/www.cnnbrasil.com.br\/entretenimento\/novos-blocos-de-carnaval-de-rua-em-sp-tem-ate-sexta-para-se-inscrever\/?hidemenu=true\"><span style=\"font-weight: 400;\">S\u00e3o Paulo deve atrair cerca de 15 milh\u00f5es de foli\u00f5es<\/span><\/a><span style=\"font-weight: 400;\"> e <\/span><a href=\"https:\/\/www.correio24horas.com.br\/minha-bahia\/bahia-deve-receber-tres-milhoes-turistas-no-carnaval-2025-estima-setur-0924\"><span style=\"font-weight: 400;\">Salvador, na Bahia, espera receber tr\u00eas milh\u00f5es de turistas<\/span><\/a><span style=\"font-weight: 400;\">.\u00a0<\/span><\/p>\n<p><span style=\"font-weight: 400;\">Ou seja, este \u00e9 o momento ideal para voc\u00ea planejar uma fuga para a natureza.<\/span><\/p>\n<p><span style=\"font-weight: 400;\">Al\u00e9m de ser uma oportunidade de escapar das multid\u00f5es, curtir o feriado em um ref\u00fagio natural \u00e9 uma forma de recarregar as energias e conectar-se consigo mesmo.\u00a0<\/span><\/p>\n<p><span style=\"font-weight: 400;\">Mas fica tranquilo, se voc\u00ea ainda n\u00e3o sabe o que fazer e nem para onde ir nesse feriad\u00e3o, a gente te ajuda!\u00a0<\/span><\/p>\n<h2><strong>O que fazer no carnaval: destinos acess\u00edveis de carro<\/strong><\/h2>\n<h3><strong>Serra da Mantiqueira (SP\/MG)<\/strong><\/h3>\n<p><span style=\"font-weight: 400;\">Com cidades charmosas, como Campos do Jord\u00e3o (SP) e Monte Verde (MG), a regi\u00e3o oferece f\u00e1cil acesso por estradas bem conservadas.\u00a0<\/span><\/p>\n<p><span style=\"font-weight: 400;\">Por l\u00e1, voc\u00ea encontrar\u00e1 trilhas, cachoeiras e restaurantes com gastronomia local.<\/span><\/p>\n<h3><strong>Praia de Picinguaba (SP)<\/strong><\/h3>\n<p><span style=\"font-weight: 400;\">Localizada em Ubatuba, essa praia tranquila \u00e9 acess\u00edvel por carro e ideal para quem busca sossego.\u00a0<\/span><\/p>\n<p><span style=\"font-weight: 400;\">Assim, \u00e9 perfeita para camping e caminhadas curtas na Mata Atl\u00e2ntica.<\/span><\/p>\n<h3><strong>Parque Nacional da Serra da Canastra (MG)<\/strong><\/h3>\n<p><span style=\"font-weight: 400;\">Pr\u00f3ximo a S\u00e3o Roque de Minas, o parque \u00e9 famoso pela Cachoeira Casca d\u2019Anta e pela produ\u00e7\u00e3o de queijos premiados.\u00a0<\/span><\/p>\n<p><span style=\"font-weight: 400;\">Al\u00e9m disso, as estradas de acesso s\u00e3o adequadas para carros comuns.<\/span><\/p>\n<h3><strong>Vale Europeu (SC)<\/strong><\/h3>\n<p><span style=\"font-weight: 400;\">O destino perfeito para quem busca trilhas leves, cachoeiras e uma imers\u00e3o na cultura alem\u00e3.\u00a0<\/span><\/p>\n<p><span style=\"font-weight: 400;\">A regi\u00e3o, com cidades como Pomerode e Timb\u00f3, \u00e9 de f\u00e1cil acesso por boas rodovias, ideal para uma escapada no Carnaval 2025.<\/span><\/p>\n<ul>\n<li style=\"font-weight: 400;\" aria-level=\"1\"><span style=\"font-weight: 400;\">Pomerode: A cidade mais alem\u00e3 do Brasil, com arquitetura t\u00edpica, o Museu Pomerano, a Casa do Imigrante e uma gastronomia deliciosa, como marreco com repolho roxo e embutidos.<\/span><\/li>\n<li style=\"font-weight: 400;\" aria-level=\"1\"><span style=\"font-weight: 400;\">Timb\u00f3: Tradi\u00e7\u00e3o e natureza, com trilhas acess\u00edveis e a Cachoeira da Usina para quem quer se conectar com o verde.<\/span><\/li>\n<\/ul>\n<h3><strong>Estrada Real (MG\/RJ\/SP)<\/strong><\/h3>\n<p><span style=\"font-weight: 400;\">Um roteiro hist\u00f3rico com paisagens de tirar o f\u00f4lego.\u00a0<\/span><\/p>\n<p><span style=\"font-weight: 400;\">As cidades de Tiradentes e Ouro Preto, por exemplo, oferecem acesso de carro e \u00f3tima infraestrutura para visitantes.<\/span><\/p>\n<p><span style=\"font-weight: 400;\">Agora a gente acabou com todas as suas desculpas para ficar em casa nesse Carnaval, n\u00e9? Anote esses destinos, prepare suas malas e v\u00e1 curtir um feriado tranquilo.\u00a0<\/span><\/p>\n<p><span style=\"font-weight: 400;\">Mas n\u00e3o acabou por a\u00ed, n\u00e3o, porque a gente trouxe dicas pr\u00e1ticas para sua viagem.\u00a0<\/span><\/p>\n<p><span style=\"font-weight: 400;\">Ent\u00e3o, pegue o papel, caneta e fa\u00e7a seu checklist para n\u00e3o deixar passar nada.<\/span><\/p>\n<h2><strong>Dicas pr\u00e1ticas para a sua viagem<\/strong><\/h2>\n<p><span style=\"font-weight: 400;\">Planejar bem sua viagem \u00e9 o segredo para aproveitar o feriado de Carnaval de forma tranquila e sem imprevistos.\u00a0<\/span><\/p>\n<p><span style=\"font-weight: 400;\">Confira as dicas:<\/span><\/p>\n<h3><strong>1. Planeje um roteiro, mas mantenha a flexibilidade<\/strong><\/h3>\n<p><span style=\"font-weight: 400;\">Definir um itiner\u00e1rio \u00e9 essencial para aproveitar ao m\u00e1ximo sua viagem.\u00a0<\/span><\/p>\n<p><span style=\"font-weight: 400;\">Ent\u00e3o, inclua paradas estrat\u00e9gicas para descanso, refei\u00e7\u00f5es ou visitas a atra\u00e7\u00f5es pr\u00f3ximas ao destino principal.\u00a0<\/span><\/p>\n<p><span style=\"font-weight: 400;\">Por\u00e9m, deixe margem para ajustes e momentos de descanso.\u00a0<\/span><\/p>\n<p><span style=\"font-weight: 400;\">Afinal, a flexibilidade \u00e9 o que torna essas viagens relaxantes e cheias de descobertas inesperadas.<\/span><\/p>\n<h3><strong>2. Prepare o carro e a bagagem com anteced\u00eancia<\/strong><\/h3>\n<p><span style=\"font-weight: 400;\">Seu ve\u00edculo ser\u00e1 seu principal aliado na viagem, ent\u00e3o uma revis\u00e3o completa \u00e9 indispens\u00e1vel.\u00a0<\/span><\/p>\n<p><span style=\"font-weight: 400;\">Confira itens como pneus, freios e n\u00edveis de \u00f3leo.\u00a0<\/span><\/p>\n<p><span style=\"font-weight: 400;\">Na hora de organizar a bagagem, priorize itens que v\u00e3o garantir conforto e seguran\u00e7a, como repelente, protetor solar, lanternas, garrafas de \u00e1gua e um kit de primeiros socorros.\u00a0<\/span><\/p>\n<p><span style=\"font-weight: 400;\">Um checklist pode ajudar a n\u00e3o esquecer nada essencial.<\/span><\/p>\n<h3><strong>3. Invista em uma acomoda\u00e7\u00e3o pr\u00e1tica e confort\u00e1vel<\/strong><\/h3>\n<p><span style=\"font-weight: 400;\">Se o objetivo \u00e9 praticidade e conex\u00e3o com a natureza, a <\/span><a href=\"https:\/\/carbocampers.com.br\/es\/btx2-off-road\/\"><span style=\"font-weight: 400;\">Barraca de Teto BTX2<\/span><\/a><span style=\"font-weight: 400;\"> \u00e9 uma excelente op\u00e7\u00e3o.\u00a0<\/span><\/p>\n<p><span style=\"font-weight: 400;\">F\u00e1cil de instalar, ela transforma qualquer carro em um local confort\u00e1vel para descansar.\u00a0<\/span><\/p>\n<p><span style=\"font-weight: 400;\">Com colch\u00e3o interno e prote\u00e7\u00e3o contra chuva e vento, \u00e9 a escolha ideal para quem quer explorar a natureza sem abrir m\u00e3o de conforto e mobilidade.\u00a0<\/span><\/p>\n<p><span style=\"font-weight: 400;\">E o melhor: voc\u00ea n\u00e3o precisa de um carro off-road para utiliz\u00e1-la.<\/span><\/p>\n<p><strong><a href=\"https:\/\/carbocampers.com.br\/es\/btx2-off-road\/\">CONHE\u00c7A A BARRACA DE TETO BTX2<\/a><\/strong><\/p>\n<p><span style=\"font-weight: 400;\">Seguindo essas dicas, voc\u00ea estar\u00e1 preparado para curtir o feriado longe do agito, com a seguran\u00e7a e o conforto que voc\u00ea merece!<\/span><\/p>\n<h2><strong>Seu carro, infinitos destinos<\/strong><\/h2>\n<p><span style=\"font-weight: 400;\">Neste Carnaval, aproveite o feriado para explorar destinos incr\u00edveis e acess\u00edveis de carro.\u00a0<\/span><\/p>\n<p><span style=\"font-weight: 400;\">Planeje sua viagem com cuidado, aproveite cada momento na natureza e torne a experi\u00eancia ainda mais pr\u00e1tica com a Barraca de Teto BTX2.\u00a0<\/span><\/p>\n<p><span style=\"font-weight: 400;\">Afinal, o feriado pode ser t\u00e3o emocionante e relaxante quanto voc\u00ea desejar!<\/span><\/p>\n<p><strong><a href=\"https:\/\/carbocampers.com.br\/es\/btx2-off-road\/\">CONHE\u00c7A A BARRACA DE TETO BTX2<\/a><\/strong><\/p>","protected":false},"excerpt":{"rendered":"<p><span class=\"span-reading-time rt-reading-time\" style=\"display: block;\"><span class=\"rt-label rt-prefix\"><b>Tempo de Leitura:<\/b><\/span> <span class=\"rt-time\"> 3<\/span> <span class=\"rt-label rt-postfix\">minutos. <br \/><\/span><\/span>Se voc\u00ea n\u00e3o curte o agito do feriado, com certeza est\u00e1 se perguntando: o que fazer no carnaval para fugir das grandes cidades? \u00c9 exatamente isso que vamos te responder hoje!\u00a0 O Carnaval 2025 promete ser grandioso, por exemplo, estimativas apontam que S\u00e3o Paulo deve atrair cerca de 15 milh\u00f5es de foli\u00f5es e Salvador, na [&hellip;]<\/p>","protected":false},"author":6,"featured_media":4193,"comment_status":"open","ping_status":"open","sticky":false,"template":"","format":"standard","meta":{"footnotes":""},"categories":[8],"tags":[13],"class_list":["post-4192","post","type-post","status-publish","format-standard","has-post-thumbnail","hentry","category-camping","tag-acampamento"],"yoast_head":"<!-- This site is optimized with the Yoast SEO plugin v25.8 - https:\/\/yoast.com\/wordpress\/plugins\/seo\/ -->\n<title>O que fazer no Carnaval: dicas para relaxar longe do agito - Carbo Campers<\/title>\n<meta name=\"description\" content=\"O que fazer no carnaval: dicas de destinos, atividades e como a Barraca de Teto BTX2 pode tornar seu feriado ainda mais confort\u00e1vel.\" \/>\n<meta name=\"robots\" content=\"index, follow, max-snippet:-1, max-image-preview:large, max-video-preview:-1\" \/>\n<link rel=\"canonical\" href=\"https:\/\/carbocampers.com.br\/es\/blog\/o-que-fazer-no-carnaval-dicas-para-relaxar-longe-do-agito\/\" \/>\n<meta property=\"og:locale\" content=\"es_ES\" \/>\n<meta property=\"og:type\" content=\"article\" \/>\n<meta property=\"og:title\" content=\"O que fazer no Carnaval: dicas para relaxar longe do agito - Carbo Campers\" \/>\n<meta property=\"og:description\" content=\"O que fazer no carnaval: dicas de destinos, atividades e como a Barraca de Teto BTX2 pode tornar seu feriado ainda mais confort\u00e1vel.\" \/>\n<meta property=\"og:url\" content=\"https:\/\/carbocampers.com.br\/es\/blog\/o-que-fazer-no-carnaval-dicas-para-relaxar-longe-do-agito\/\" \/>\n<meta property=\"og:site_name\" content=\"Carbo Campers\" \/>\n<meta property=\"article:publisher\" content=\"https:\/\/www.facebook.com\/carbocampers\" \/>\n<meta property=\"article:published_time\" content=\"2025-02-03T13:01:53+00:00\" \/>\n<meta property=\"og:image\" content=\"http:\/\/carbocampers.com.br\/wp-content\/uploads\/2025\/02\/beach-with-water-without-waves-scaled.jpg\" \/>\n\t<meta property=\"og:image:width\" content=\"2560\" \/>\n\t<meta property=\"og:image:height\" content=\"1707\" \/>\n\t<meta property=\"og:image:type\" content=\"image\/jpeg\" \/>\n<meta name=\"author\" content=\"amanda.h\" \/>\n<meta name=\"twitter:card\" content=\"summary_large_image\" \/>\n<meta name=\"twitter:label1\" content=\"Escrito por\" \/>\n\t<meta name=\"twitter:data1\" content=\"amanda.h\" \/>\n\t<meta name=\"twitter:label2\" content=\"Tiempo de lectura\" \/>\n\t<meta name=\"twitter:data2\" content=\"5 minutos\" \/>\n<script type=\"application\/ld+json\" class=\"yoast-schema-graph\">{\"@context\":\"https:\/\/schema.org\",\"@graph\":[{\"@type\":\"Article\",\"@id\":\"https:\/\/carbocampers.com.br\/blog\/o-que-fazer-no-carnaval-dicas-para-relaxar-longe-do-agito\/#article\",\"isPartOf\":{\"@id\":\"https:\/\/carbocampers.com.br\/blog\/o-que-fazer-no-carnaval-dicas-para-relaxar-longe-do-agito\/\"},\"author\":{\"name\":\"amanda.h\",\"@id\":\"https:\/\/carbocampers.com.br\/#\/schema\/person\/29619c18315427ae62db0f11ed84913b\"},\"headline\":\"O que fazer no Carnaval: dicas para relaxar longe do agito\",\"datePublished\":\"2025-02-03T13:01:53+00:00\",\"mainEntityOfPage\":{\"@id\":\"https:\/\/carbocampers.com.br\/blog\/o-que-fazer-no-carnaval-dicas-para-relaxar-longe-do-agito\/\"},\"wordCount\":803,\"commentCount\":0,\"publisher\":{\"@id\":\"https:\/\/carbocampers.com.br\/#organization\"},\"image\":{\"@id\":\"https:\/\/carbocampers.com.br\/blog\/o-que-fazer-no-carnaval-dicas-para-relaxar-longe-do-agito\/#primaryimage\"},\"thumbnailUrl\":\"https:\/\/carbocampers.com.br\/wp-content\/uploads\/2025\/02\/beach-with-water-without-waves-scaled.jpg\",\"keywords\":[\"acampamento\"],\"articleSection\":[\"Camping\"],\"inLanguage\":\"es\",\"potentialAction\":[{\"@type\":\"CommentAction\",\"name\":\"Comment\",\"target\":[\"https:\/\/carbocampers.com.br\/blog\/o-que-fazer-no-carnaval-dicas-para-relaxar-longe-do-agito\/#respond\"]}]},{\"@type\":\"WebPage\",\"@id\":\"https:\/\/carbocampers.com.br\/blog\/o-que-fazer-no-carnaval-dicas-para-relaxar-longe-do-agito\/\",\"url\":\"https:\/\/carbocampers.com.br\/blog\/o-que-fazer-no-carnaval-dicas-para-relaxar-longe-do-agito\/\",\"name\":\"O que fazer no Carnaval: dicas para relaxar longe do agito - Carbo Campers\",\"isPartOf\":{\"@id\":\"https:\/\/carbocampers.com.br\/#website\"},\"primaryImageOfPage\":{\"@id\":\"https:\/\/carbocampers.com.br\/blog\/o-que-fazer-no-carnaval-dicas-para-relaxar-longe-do-agito\/#primaryimage\"},\"image\":{\"@id\":\"https:\/\/carbocampers.com.br\/blog\/o-que-fazer-no-carnaval-dicas-para-relaxar-longe-do-agito\/#primaryimage\"},\"thumbnailUrl\":\"https:\/\/carbocampers.com.br\/wp-content\/uploads\/2025\/02\/beach-with-water-without-waves-scaled.jpg\",\"datePublished\":\"2025-02-03T13:01:53+00:00\",\"description\":\"O que fazer no carnaval: dicas de destinos, atividades e como a Barraca de Teto BTX2 pode tornar seu feriado ainda mais confort\u00e1vel.\",\"breadcrumb\":{\"@id\":\"https:\/\/carbocampers.com.br\/blog\/o-que-fazer-no-carnaval-dicas-para-relaxar-longe-do-agito\/#breadcrumb\"},\"inLanguage\":\"es\",\"potentialAction\":[{\"@type\":\"ReadAction\",\"target\":[\"https:\/\/carbocampers.com.br\/blog\/o-que-fazer-no-carnaval-dicas-para-relaxar-longe-do-agito\/\"]}]},{\"@type\":\"ImageObject\",\"inLanguage\":\"es\",\"@id\":\"https:\/\/carbocampers.com.br\/blog\/o-que-fazer-no-carnaval-dicas-para-relaxar-longe-do-agito\/#primaryimage\",\"url\":\"https:\/\/carbocampers.com.br\/wp-content\/uploads\/2025\/02\/beach-with-water-without-waves-scaled.jpg\",\"contentUrl\":\"https:\/\/carbocampers.com.br\/wp-content\/uploads\/2025\/02\/beach-with-water-without-waves-scaled.jpg\",\"width\":2560,\"height\":1707,\"caption\":\"O que fazer no carnaval\"},{\"@type\":\"BreadcrumbList\",\"@id\":\"https:\/\/carbocampers.com.br\/blog\/o-que-fazer-no-carnaval-dicas-para-relaxar-longe-do-agito\/#breadcrumb\",\"itemListElement\":[{\"@type\":\"ListItem\",\"position\":1,\"name\":\"In\u00edcio\",\"item\":\"https:\/\/carbocampers.com.br\/\"},{\"@type\":\"ListItem\",\"position\":2,\"name\":\"O que fazer no Carnaval: dicas para relaxar longe do agito\"}]},{\"@type\":\"WebSite\",\"@id\":\"https:\/\/carbocampers.com.br\/#website\",\"url\":\"https:\/\/carbocampers.com.br\/\",\"name\":\"Carbo Campers\",\"description\":\"\",\"publisher\":{\"@id\":\"https:\/\/carbocampers.com.br\/#organization\"},\"potentialAction\":[{\"@type\":\"SearchAction\",\"target\":{\"@type\":\"EntryPoint\",\"urlTemplate\":\"https:\/\/carbocampers.com.br\/?s={search_term_string}\"},\"query-input\":{\"@type\":\"PropertyValueSpecification\",\"valueRequired\":true,\"valueName\":\"search_term_string\"}}],\"inLanguage\":\"es\"},{\"@type\":\"Organization\",\"@id\":\"https:\/\/carbocampers.com.br\/#organization\",\"name\":\"Carbo Campers\",\"url\":\"https:\/\/carbocampers.com.br\/\",\"logo\":{\"@type\":\"ImageObject\",\"inLanguage\":\"es\",\"@id\":\"https:\/\/carbocampers.com.br\/#\/schema\/logo\/image\/\",\"url\":\"http:\/\/carbocampers.com.br\/wp-content\/uploads\/2022\/07\/cropped-Carbo-Campers-logo-2-2-220x90-1.png\",\"contentUrl\":\"http:\/\/carbocampers.com.br\/wp-content\/uploads\/2022\/07\/cropped-Carbo-Campers-logo-2-2-220x90-1.png\",\"width\":220,\"height\":90,\"caption\":\"Carbo Campers\"},\"image\":{\"@id\":\"https:\/\/carbocampers.com.br\/#\/schema\/logo\/image\/\"},\"sameAs\":[\"https:\/\/www.facebook.com\/carbocampers\",\"https:\/\/www.instagram.com\/carbocampers\/\"]},{\"@type\":\"Person\",\"@id\":\"https:\/\/carbocampers.com.br\/#\/schema\/person\/29619c18315427ae62db0f11ed84913b\",\"name\":\"amanda.h\",\"image\":{\"@type\":\"ImageObject\",\"inLanguage\":\"es\",\"@id\":\"https:\/\/carbocampers.com.br\/#\/schema\/person\/image\/\",\"url\":\"https:\/\/secure.gravatar.com\/avatar\/714cd29caa557c414b7a52fa6ffe93700cca24b0a48ae1a0a5b57d2da78bbe69?s=96&d=mm&r=g\",\"contentUrl\":\"https:\/\/secure.gravatar.com\/avatar\/714cd29caa557c414b7a52fa6ffe93700cca24b0a48ae1a0a5b57d2da78bbe69?s=96&d=mm&r=g\",\"caption\":\"amanda.h\"},\"url\":\"https:\/\/carbocampers.com.br\/es\/blog\/author\/amanda-h\/\"}]}<\/script>\n<!-- \/ Yoast SEO plugin. -->","yoast_head_json":{"title":"O que fazer no Carnaval: dicas para relaxar longe do agito - Carbo Campers","description":"O que fazer no carnaval: dicas de destinos, atividades e como a Barraca de Teto BTX2 pode tornar seu feriado ainda mais confort\u00e1vel.","robots":{"index":"index","follow":"follow","max-snippet":"max-snippet:-1","max-image-preview":"max-image-preview:large","max-video-preview":"max-video-preview:-1"},"canonical":"https:\/\/carbocampers.com.br\/es\/blog\/o-que-fazer-no-carnaval-dicas-para-relaxar-longe-do-agito\/","og_locale":"es_ES","og_type":"article","og_title":"O que fazer no Carnaval: dicas para relaxar longe do agito - Carbo Campers","og_description":"O que fazer no carnaval: dicas de destinos, atividades e como a Barraca de Teto BTX2 pode tornar seu feriado ainda mais confort\u00e1vel.","og_url":"https:\/\/carbocampers.com.br\/es\/blog\/o-que-fazer-no-carnaval-dicas-para-relaxar-longe-do-agito\/","og_site_name":"Carbo Campers","article_publisher":"https:\/\/www.facebook.com\/carbocampers","article_published_time":"2025-02-03T13:01:53+00:00","og_image":[{"width":2560,"height":1707,"url":"http:\/\/carbocampers.com.br\/wp-content\/uploads\/2025\/02\/beach-with-water-without-waves-scaled.jpg","type":"image\/jpeg"}],"author":"amanda.h","twitter_card":"summary_large_image","twitter_misc":{"Escrito por":"amanda.h","Tiempo de lectura":"5 minutos"},"schema":{"@context":"https:\/\/schema.org","@graph":[{"@type":"Article","@id":"https:\/\/carbocampers.com.br\/blog\/o-que-fazer-no-carnaval-dicas-para-relaxar-longe-do-agito\/#article","isPartOf":{"@id":"https:\/\/carbocampers.com.br\/blog\/o-que-fazer-no-carnaval-dicas-para-relaxar-longe-do-agito\/"},"author":{"name":"amanda.h","@id":"https:\/\/carbocampers.com.br\/#\/schema\/person\/29619c18315427ae62db0f11ed84913b"},"headline":"O que fazer no Carnaval: dicas para relaxar longe do agito","datePublished":"2025-02-03T13:01:53+00:00","mainEntityOfPage":{"@id":"https:\/\/carbocampers.com.br\/blog\/o-que-fazer-no-carnaval-dicas-para-relaxar-longe-do-agito\/"},"wordCount":803,"commentCount":0,"publisher":{"@id":"https:\/\/carbocampers.com.br\/#organization"},"image":{"@id":"https:\/\/carbocampers.com.br\/blog\/o-que-fazer-no-carnaval-dicas-para-relaxar-longe-do-agito\/#primaryimage"},"thumbnailUrl":"https:\/\/carbocampers.com.br\/wp-content\/uploads\/2025\/02\/beach-with-water-without-waves-scaled.jpg","keywords":["acampamento"],"articleSection":["Camping"],"inLanguage":"es","potentialAction":[{"@type":"CommentAction","name":"Comment","target":["https:\/\/carbocampers.com.br\/blog\/o-que-fazer-no-carnaval-dicas-para-relaxar-longe-do-agito\/#respond"]}]},{"@type":"WebPage","@id":"https:\/\/carbocampers.com.br\/blog\/o-que-fazer-no-carnaval-dicas-para-relaxar-longe-do-agito\/","url":"https:\/\/carbocampers.com.br\/blog\/o-que-fazer-no-carnaval-dicas-para-relaxar-longe-do-agito\/","name":"O que fazer no Carnaval: dicas para relaxar longe do agito - Carbo Campers","isPartOf":{"@id":"https:\/\/carbocampers.com.br\/#website"},"primaryImageOfPage":{"@id":"https:\/\/carbocampers.com.br\/blog\/o-que-fazer-no-carnaval-dicas-para-relaxar-longe-do-agito\/#primaryimage"},"image":{"@id":"https:\/\/carbocampers.com.br\/blog\/o-que-fazer-no-carnaval-dicas-para-relaxar-longe-do-agito\/#primaryimage"},"thumbnailUrl":"https:\/\/carbocampers.com.br\/wp-content\/uploads\/2025\/02\/beach-with-water-without-waves-scaled.jpg","datePublished":"2025-02-03T13:01:53+00:00","description":"O que fazer no carnaval: dicas de destinos, atividades e como a Barraca de Teto BTX2 pode tornar seu feriado ainda mais confort\u00e1vel.","breadcrumb":{"@id":"https:\/\/carbocampers.com.br\/blog\/o-que-fazer-no-carnaval-dicas-para-relaxar-longe-do-agito\/#breadcrumb"},"inLanguage":"es","potentialAction":[{"@type":"ReadAction","target":["https:\/\/carbocampers.com.br\/blog\/o-que-fazer-no-carnaval-dicas-para-relaxar-longe-do-agito\/"]}]},{"@type":"ImageObject","inLanguage":"es","@id":"https:\/\/carbocampers.com.br\/blog\/o-que-fazer-no-carnaval-dicas-para-relaxar-longe-do-agito\/#primaryimage","url":"https:\/\/carbocampers.com.br\/wp-content\/uploads\/2025\/02\/beach-with-water-without-waves-scaled.jpg","contentUrl":"https:\/\/carbocampers.com.br\/wp-content\/uploads\/2025\/02\/beach-with-water-without-waves-scaled.jpg","width":2560,"height":1707,"caption":"O que fazer no carnaval"},{"@type":"BreadcrumbList","@id":"https:\/\/carbocampers.com.br\/blog\/o-que-fazer-no-carnaval-dicas-para-relaxar-longe-do-agito\/#breadcrumb","itemListElement":[{"@type":"ListItem","position":1,"name":"In\u00edcio","item":"https:\/\/carbocampers.com.br\/"},{"@type":"ListItem","position":2,"name":"O que fazer no Carnaval: dicas para relaxar longe do agito"}]},{"@type":"WebSite","@id":"https:\/\/carbocampers.com.br\/#website","url":"https:\/\/carbocampers.com.br\/","name":"Carbo Campers","description":"","publisher":{"@id":"https:\/\/carbocampers.com.br\/#organization"},"potentialAction":[{"@type":"SearchAction","target":{"@type":"EntryPoint","urlTemplate":"https:\/\/carbocampers.com.br\/?s={search_term_string}"},"query-input":{"@type":"PropertyValueSpecification","valueRequired":true,"valueName":"search_term_string"}}],"inLanguage":"es"},{"@type":"Organization","@id":"https:\/\/carbocampers.com.br\/#organization","name":"Carbo Campers","url":"https:\/\/carbocampers.com.br\/","logo":{"@type":"ImageObject","inLanguage":"es","@id":"https:\/\/carbocampers.com.br\/#\/schema\/logo\/image\/","url":"http:\/\/carbocampers.com.br\/wp-content\/uploads\/2022\/07\/cropped-Carbo-Campers-logo-2-2-220x90-1.png","contentUrl":"http:\/\/carbocampers.com.br\/wp-content\/uploads\/2022\/07\/cropped-Carbo-Campers-logo-2-2-220x90-1.png","width":220,"height":90,"caption":"Carbo Campers"},"image":{"@id":"https:\/\/carbocampers.com.br\/#\/schema\/logo\/image\/"},"sameAs":["https:\/\/www.facebook.com\/carbocampers","https:\/\/www.instagram.com\/carbocampers\/"]},{"@type":"Person","@id":"https:\/\/carbocampers.com.br\/#\/schema\/person\/29619c18315427ae62db0f11ed84913b","name":"amanda.h","image":{"@type":"ImageObject","inLanguage":"es","@id":"https:\/\/carbocampers.com.br\/#\/schema\/person\/image\/","url":"https:\/\/secure.gravatar.com\/avatar\/714cd29caa557c414b7a52fa6ffe93700cca24b0a48ae1a0a5b57d2da78bbe69?s=96&d=mm&r=g","contentUrl":"https:\/\/secure.gravatar.com\/avatar\/714cd29caa557c414b7a52fa6ffe93700cca24b0a48ae1a0a5b57d2da78bbe69?s=96&d=mm&r=g","caption":"amanda.h"},"url":"https:\/\/carbocampers.com.br\/es\/blog\/author\/amanda-h\/"}]}},"_links":{"self":[{"href":"https:\/\/carbocampers.com.br\/es\/wp-json\/wp\/v2\/posts\/4192","targetHints":{"allow":["GET"]}}],"collection":[{"href":"https:\/\/carbocampers.com.br\/es\/wp-json\/wp\/v2\/posts"}],"about":[{"href":"https:\/\/carbocampers.com.br\/es\/wp-json\/wp\/v2\/types\/post"}],"author":[{"embeddable":true,"href":"https:\/\/carbocampers.com.br\/es\/wp-json\/wp\/v2\/users\/6"}],"replies":[{"embeddable":true,"href":"https:\/\/carbocampers.com.br\/es\/wp-json\/wp\/v2\/comments?post=4192"}],"version-history":[{"count":1,"href":"https:\/\/carbocampers.com.br\/es\/wp-json\/wp\/v2\/posts\/4192\/revisions"}],"predecessor-version":[{"id":4194,"href":"https:\/\/carbocampers.com.br\/es\/wp-json\/wp\/v2\/posts\/4192\/revisions\/4194"}],"wp:featuredmedia":[{"embeddable":true,"href":"https:\/\/carbocampers.com.br\/es\/wp-json\/wp\/v2\/media\/4193"}],"wp:attachment":[{"href":"https:\/\/carbocampers.com.br\/es\/wp-json\/wp\/v2\/media?parent=4192"}],"wp:term":[{"taxonomy":"category","embeddable":true,"href":"https:\/\/carbocampers.com.br\/es\/wp-json\/wp\/v2\/categories?post=4192"},{"taxonomy":"post_tag","embeddable":true,"href":"https:\/\/carbocampers.com.br\/es\/wp-json\/wp\/v2\/tags?post=4192"}],"curies":[{"name":"wp","href":"https:\/\/api.w.org\/{rel}","templated":true}]}}